{"id":3074,"date":"2025-03-13T14:28:01","date_gmt":"2025-03-13T17:28:01","guid":{"rendered":"https:\/\/nivaldocleto.cnt.br\/blog\/?p=3074"},"modified":"2025-03-16T11:23:56","modified_gmt":"2025-03-16T14:23:56","slug":"diario-da-icann82-dia-4-2","status":"publish","type":"post","link":"https:\/\/nivaldocleto.cnt.br\/blog\/diario-da-icann82-dia-4-2\/","title":{"rendered":"Di\u00e1rio da ICANN82 \u2013 Dia 4"},"content":{"rendered":"<div id=\"fb-root\"><\/div>\n<p>Por Nivaldo Cleto*<\/p>\n<p>O \u00faltimo dia da ICANN 82, realizada em Seattle, encerrou uma semana intensa de discuss\u00f5es e delibera\u00e7\u00f5es sobre o futuro da governan\u00e7a da Internet. Como um F\u00f3rum Comunit\u00e1rio, esta edi\u00e7\u00e3o priorizou a participa\u00e7\u00e3o ativa da comunidade, trazendo debates essenciais sobre inclus\u00e3o digital, seguran\u00e7a do Sistema de Nomes de Dom\u00ednio (DNS<a href=\"#_edn1\" name=\"_ednref1\">[i]<\/a>) e a pr\u00f3xima rodada de dom\u00ednios gen\u00e9ricos de topo (gTLDs<a href=\"#_edn2\" name=\"_ednref2\">[ii]<\/a>).<\/p>\n<p><strong>Encerramento e balan\u00e7o da semana<\/strong><\/p>\n<p>A sess\u00e3o de encerramento trouxe uma avalia\u00e7\u00e3o das principais discuss\u00f5es da semana. Um dos temas centrais foi o avan\u00e7o do processo para a nova rodada de gTLDs, com a consolida\u00e7\u00e3o de diretrizes sobre inclus\u00e3o de caracteres de diferentes idiomas (IDNs) e mecanismos de prote\u00e7\u00e3o para evitar abusos de registro. Representantes da comunidade empresarial e governamental destacaram preocupa\u00e7\u00f5es sobre a seguran\u00e7a e estabilidade dessa expans\u00e3o.<\/p>\n<p><strong>Principais Temas do Dia<\/strong><\/p>\n<p><strong>Pol\u00edtica de Dados de Registro e Prote\u00e7\u00e3o de Privacidade<\/strong><\/p>\n<p>O Comit\u00ea de Desenvolvimento de Pol\u00edtica (GNSO<a href=\"#_edn3\" name=\"_ednref3\">[iii]<\/a>) apresentou recomenda\u00e7\u00f5es finais para a implementa\u00e7\u00e3o da nova Pol\u00edtica de Dados de Registro (RDP), que visa harmonizar requisitos de coleta e divulga\u00e7\u00e3o de dados, respeitando as legisla\u00e7\u00f5es globais de privacidade. O debate girou em torno da necessidade de um Sistema Padronizado de Acesso a Dados de Registro (SSAD) e dos desafios regulat\u00f3rios enfrentados por diferentes regi\u00f5es.<\/p>\n<p><strong>Expans\u00e3o do DNS e Abuso de Dom\u00ednios<\/strong><\/p>\n<p>Os desafios do abuso de DNS tamb\u00e9m foram abordados, especialmente em rela\u00e7\u00e3o \u00e0 responsabilidade de registradores e registries<a href=\"#_edn4\" name=\"_ednref4\">[iv]<\/a>. Foi discutida a necessidade de aprimorar mecanismos de mitiga\u00e7\u00e3o, como monitoramento ativo e regras mais r\u00edgidas para coibir atividades maliciosas, como phishing e malware.<\/p>\n<p><strong>Governan\u00e7a e Transpar\u00eancia na ICANN<\/strong><\/p>\n<p>A proposta de c\u00f3digo de conduta para participantes da comunidade da ICANN tamb\u00e9m foi debatida, buscando garantir maior transpar\u00eancia nas decis\u00f5es e evitar conflitos de interesse. A implementa\u00e7\u00e3o de regras de \u00e9tica foi amplamente apoiada, mas alguns membros da comunidade sugeriram ajustes para melhor adequa\u00e7\u00e3o a diferentes grupos de stakeholders.<\/p>\n<p><strong>Pr\u00eamio de Excel\u00eancia da Comunidade<\/strong><\/p>\n<p>No encerramento do evento, foi entregue o Pr\u00eamio de Excel\u00eancia da Comunidade, reconhecendo um membro que se destacou por sua contribui\u00e7\u00e3o ao modelo multissetorial da ICANN. Este ano, a homenageada foi uma representante da At-Large Advisory Committee (ALAC), por seu trabalho em inclus\u00e3o digital e acessibilidade na governan\u00e7a da Internet.<\/p>\n<p><img loading=\"lazy\" decoding=\"async\" class=\"aligncenter wp-image-3077\" src=\"https:\/\/nivaldocleto.cnt.br\/blog\/wp-content\/uploads\/2025\/03\/54382330011_10e42fc4a9_o.jpg\" alt=\"\" width=\"884\" height=\"294\" srcset=\"https:\/\/nivaldocleto.cnt.br\/blog\/wp-content\/uploads\/2025\/03\/54382330011_10e42fc4a9_o.jpg 800w, https:\/\/nivaldocleto.cnt.br\/blog\/wp-content\/uploads\/2025\/03\/54382330011_10e42fc4a9_o-300x100.jpg 300w, https:\/\/nivaldocleto.cnt.br\/blog\/wp-content\/uploads\/2025\/03\/54382330011_10e42fc4a9_o-768x255.jpg 768w\" sizes=\"auto, (max-width: 884px) 100vw, 884px\" \/><\/p>\n<p><img loading=\"lazy\" decoding=\"async\" class=\"aligncenter wp-image-3076\" src=\"https:\/\/nivaldocleto.cnt.br\/blog\/wp-content\/uploads\/2025\/03\/54379442667_bded21cb04_c-Copia.jpg\" alt=\"\" width=\"888\" height=\"260\" srcset=\"https:\/\/nivaldocleto.cnt.br\/blog\/wp-content\/uploads\/2025\/03\/54379442667_bded21cb04_c-Copia.jpg 1631w, https:\/\/nivaldocleto.cnt.br\/blog\/wp-content\/uploads\/2025\/03\/54379442667_bded21cb04_c-Copia-300x88.jpg 300w, https:\/\/nivaldocleto.cnt.br\/blog\/wp-content\/uploads\/2025\/03\/54379442667_bded21cb04_c-Copia-768x225.jpg 768w, https:\/\/nivaldocleto.cnt.br\/blog\/wp-content\/uploads\/2025\/03\/54379442667_bded21cb04_c-Copia-1024x299.jpg 1024w, https:\/\/nivaldocleto.cnt.br\/blog\/wp-content\/uploads\/2025\/03\/54379442667_bded21cb04_c-Copia-1080x316.jpg 1080w\" sizes=\"auto, (max-width: 888px) 100vw, 888px\" \/><\/p>\n<p><strong>Pr\u00f3ximos Passos<\/strong><\/p>\n<p>Com a ICANN 82 finalizada, a pr\u00f3xima reuni\u00e3o ser\u00e1 o F\u00f3rum de Pol\u00edticas em Praga, de 9 a 12 de junho de 2025. A comunidade segue acompanhando os avan\u00e7os das pol\u00edticas debatidas e a implementa\u00e7\u00e3o das decis\u00f5es tomadas durante esta semana em Seattle.<\/p>\n<p>A ICANN 82 reafirmou a import\u00e2ncia da governan\u00e7a colaborativa da Internet, promovendo um ambiente seguro, est\u00e1vel e acess\u00edvel para todos.<\/p>\n<p>&nbsp;<\/p>\n<div id=\"title\" class=\"style-scope ytd-watch-metadata\">\n<h4 class=\"style-scope ytd-watch-metadata\" style=\"text-align: center;\">ICANN 82 &#8211; Conversa com Werner Staub, presidente do Comit\u00ea Executivo da CORE<\/h4>\n<\/div>\n<div id=\"top-row\" class=\"style-scope ytd-watch-metadata\">\n<div id=\"owner\" class=\"item style-scope ytd-watch-metadata\">\n<p><iframe loading=\"lazy\" title=\"ICANN 82 - Conversa com Werner Staub, presidente do Comit\u00ea Executivo da CORE\" width=\"1080\" height=\"608\" src=\"https:\/\/www.youtube.com\/embed\/cvx65Bp35Vk?list=PLkopzStpZkfggVhdmk_Y99lBQZqQM8jrD\" frameborder=\"0\" allow=\"accelerometer; autoplay; clipboard-write; encrypted-media; gyroscope; picture-in-picture; web-share\" referrerpolicy=\"strict-origin-when-cross-origin\" allowfullscreen><\/iframe><\/p>\n<\/div>\n<\/div>\n<p>&nbsp;<\/p>\n<p>*Nivaldo Cleto \u00e9 empres\u00e1rio de contabilidade e de certifica\u00e7\u00e3o digital, conselheiro do Comit\u00ea Gestor da Internet no Brasil CGI.br e membro da ICANN Business Constituency \u2013 BC<\/p>\n<p>Fotos \u2013 icannphotos<\/p>\n<p>&nbsp;<\/p>\n<hr \/>\n<h6><a href=\"#_ednref1\" name=\"_edn1\">[i]<\/a> DNS (Domain Name System): Sistema de Nomes de Dom\u00ednio, que funciona como um \u201ccat\u00e1logo\u201d da Internet, convertendo nomes de sites (exemplo.com) em endere\u00e7os IP num\u00e9ricos que os computadores utilizam para se comunicar.<\/h6>\n<h6><a href=\"#_ednref2\" name=\"_edn2\">[ii]<\/a> O dom\u00ednio de topo gen\u00e9rico (sigla: gTLD, do ingl\u00eas generic top-level domain), ou dom\u00ednio gen\u00e9rico de n\u00edvel superior, \u00e9 uma das categorias dos dom\u00ednios de topo (TLD) mantida pela IANA (Autoridade para Atribui\u00e7\u00e3o de N\u00fameros na Internet) para uso no DNS (Sistema de Nomes de Dom\u00ednios da Internet).<\/h6>\n<h6><a href=\"#_ednref3\" name=\"_edn3\">[iii]<\/a> A Organiza\u00e7\u00e3o de Apoio a Nomes Gen\u00e9ricos ( GNSO ) \u00e9 um \u00f3rg\u00e3o de desenvolvimento de pol\u00edticas respons\u00e1vel por desenvolver e recomendar ao Conselho da ICANN pol\u00edticas substantivas relacionadas a dom\u00ednios gen\u00e9ricos de primeiro n\u00edvel ( gTLDs )<\/h6>\n<h6><a href=\"#_ednref4\" name=\"_edn4\">[iv]<\/a> Registry\u2019s (pessoa f\u00edsica ou jur\u00eddica) que deseja registrar um nome de dom\u00ednio sob um dom\u00ednio gen\u00e9rico de n\u00edvel superior (&#8221; gTLD &#8220;) pode faz\u00ea-lo usando um registrador credenciado. Existem v\u00e1rias centenas de registradores (Registras) credenciados localizados em todo o mundo que fornecem suporte em idiomas locais.<\/h6>\n<p>&nbsp;<\/p>\n<p>&nbsp;<\/p>\n","protected":false},"excerpt":{"rendered":"<p>Por Nivaldo Cleto* O \u00faltimo dia da ICANN 82, realizada em Seattle, encerrou uma semana intensa de discuss\u00f5es e delibera\u00e7\u00f5es sobre o futuro da governan\u00e7a da Internet. Como um F\u00f3rum Comunit\u00e1rio, esta edi\u00e7\u00e3o priorizou a participa\u00e7\u00e3o ativa da comunidade, trazendo debates essenciais sobre inclus\u00e3o digital, seguran\u00e7a do Sistema de Nomes de Dom\u00ednio (DNS[i]) e a pr\u00f3xima rodada de dom\u00ednios gen\u00e9ricos de topo (gTLDs[ii]). Encerramento e balan\u00e7o da semana A sess\u00e3o de encerramento trouxe uma avalia\u00e7\u00e3o das principais discuss\u00f5es da semana. Um dos temas centrais foi o avan\u00e7o do processo para a nova rodada de gTLDs, com a consolida\u00e7\u00e3o de diretrizes sobre inclus\u00e3o de caracteres de diferentes idiomas (IDNs) e mecanismos de prote\u00e7\u00e3o para evitar abusos de registro. Representantes da comunidade empresarial e governamental destacaram preocupa\u00e7\u00f5es sobre a seguran\u00e7a e estabilidade dessa expans\u00e3o. Principais Temas do Dia Pol\u00edtica de Dados de Registro e Prote\u00e7\u00e3o de Privacidade O Comit\u00ea de Desenvolvimento de Pol\u00edtica (GNSO[iii]) apresentou recomenda\u00e7\u00f5es finais para a implementa\u00e7\u00e3o da nova Pol\u00edtica de Dados de Registro (RDP), que visa harmonizar requisitos de coleta e divulga\u00e7\u00e3o de dados, respeitando as legisla\u00e7\u00f5es globais de privacidade. O debate girou em torno da necessidade de um Sistema Padronizado de Acesso a Dados de Registro [&hellip;]<\/p>\n","protected":false},"author":2,"featured_media":3075,"comment_status":"closed","ping_status":"closed","sticky":false,"template":"","format":"standard","meta":{"footnotes":""},"categories":[73],"tags":[],"class_list":["post-3074","post","type-post","status-publish","format-standard","has-post-thumbnail","hentry","category-icann82"],"_links":{"self":[{"href":"https:\/\/nivaldocleto.cnt.br\/blog\/wp-json\/wp\/v2\/posts\/3074","targetHints":{"allow":["GET"]}}],"collection":[{"href":"https:\/\/nivaldocleto.cnt.br\/blog\/wp-json\/wp\/v2\/posts"}],"about":[{"href":"https:\/\/nivaldocleto.cnt.br\/blog\/wp-json\/wp\/v2\/types\/post"}],"author":[{"embeddable":true,"href":"https:\/\/nivaldocleto.cnt.br\/blog\/wp-json\/wp\/v2\/users\/2"}],"replies":[{"embeddable":true,"href":"https:\/\/nivaldocleto.cnt.br\/blog\/wp-json\/wp\/v2\/comments?post=3074"}],"version-history":[{"count":5,"href":"https:\/\/nivaldocleto.cnt.br\/blog\/wp-json\/wp\/v2\/posts\/3074\/revisions"}],"predecessor-version":[{"id":3082,"href":"https:\/\/nivaldocleto.cnt.br\/blog\/wp-json\/wp\/v2\/posts\/3074\/revisions\/3082"}],"wp:featuredmedia":[{"embeddable":true,"href":"https:\/\/nivaldocleto.cnt.br\/blog\/wp-json\/wp\/v2\/media\/3075"}],"wp:attachment":[{"href":"https:\/\/nivaldocleto.cnt.br\/blog\/wp-json\/wp\/v2\/media?parent=3074"}],"wp:term":[{"taxonomy":"category","embeddable":true,"href":"https:\/\/nivaldocleto.cnt.br\/blog\/wp-json\/wp\/v2\/categories?post=3074"},{"taxonomy":"post_tag","embeddable":true,"href":"https:\/\/nivaldocleto.cnt.br\/blog\/wp-json\/wp\/v2\/tags?post=3074"}],"curies":[{"name":"wp","href":"https:\/\/api.w.org\/{rel}","templated":true}]}}