{"id":2977,"date":"2024-11-13T10:31:58","date_gmt":"2024-11-13T13:31:58","guid":{"rendered":"https:\/\/nivaldocleto.cnt.br\/blog\/?p=2977"},"modified":"2024-11-16T10:46:16","modified_gmt":"2024-11-16T13:46:16","slug":"diario-da-icann-81-dia-4","status":"publish","type":"post","link":"https:\/\/nivaldocleto.cnt.br\/blog\/diario-da-icann-81-dia-4\/","title":{"rendered":"Di\u00e1rio da ICANN 81 \u2013 Dia 4"},"content":{"rendered":"<div id=\"fb-root\"><\/div>\n<p style=\"text-align: center;\"><em>Foto &#8211; Comitiva da LAC Space na ICANN 81<\/em><\/p>\n<p>Por Nivaldo Cleto*<strong>\u00a0<\/strong><\/p>\n<p>Durante a sess\u00e3o LAC Space (Espa\u00e7o de Trabalho da Am\u00e9rica Latina e do Caribe) da ICANN 81 seguimos a tradi\u00e7\u00e3o de trazer as preocupa\u00e7\u00f5es da regi\u00e3o latino-americana relativas a governan\u00e7a da Internet e os pr\u00f3ximos passos em iniciativas que sejam ben\u00e9ficos para n\u00f3s. O evento come\u00e7ou com uma homenagem a Oscar Robles, que teve um papel central na cria\u00e7\u00e3o de diversas institui\u00e7\u00f5es ligadas \u00e0 Internet na Am\u00e9rica Latina e no Caribe.<\/p>\n<p>Leon Sanchez, membro do Conselho Diretor da ICANN, apresentou um resumo do workshop preparat\u00f3rio, que tratou de auditorias de dados para garantir a conformidade de registros e registradores com as pol\u00edticas de transpar\u00eancia, al\u00e9m de abordar a elei\u00e7\u00e3o de novos membros do conselho, incluindo os cargos de chair e vice-chair, marcada para quinta-feira. O workshop revisou o plano estrat\u00e9gico da ICANN, com foco no feedback p\u00fablico sobre a pr\u00f3xima rodada de gTLDs<a href=\"#_edn1\" name=\"_ednref1\">[i]<\/a> para inclus\u00e3o de novos dom\u00ednios. Leon tamb\u00e9m mencionou a chegada de tr\u00eas novos conselheiros e refor\u00e7ou a necessidade de fortalecer o modelo multissetorial para acompanhar a evolu\u00e7\u00e3o das pol\u00edticas e infraestruturas globais da Internet.<\/p>\n<p><img loading=\"lazy\" decoding=\"async\" class=\"aligncenter  wp-image-2979\" src=\"https:\/\/nivaldocleto.cnt.br\/blog\/wp-content\/uploads\/2024\/11\/WhatsApp-Image-2024-11-14-at-07.30.16-1.jpeg\" alt=\"\" width=\"744\" height=\"256\" srcset=\"https:\/\/nivaldocleto.cnt.br\/blog\/wp-content\/uploads\/2024\/11\/WhatsApp-Image-2024-11-14-at-07.30.16-1.jpeg 680w, https:\/\/nivaldocleto.cnt.br\/blog\/wp-content\/uploads\/2024\/11\/WhatsApp-Image-2024-11-14-at-07.30.16-1-300x103.jpeg 300w\" sizes=\"auto, (max-width: 744px) 100vw, 744px\" \/><\/p>\n<p style=\"text-align: center;\"><em>\u00c0 esq., Renata Mielli, coordenadora do CGI.br no f\u00f3rum p\u00fablico. O evento NetMundial+10, que foi realizado em S\u00e3o Paulo, foi citado v\u00e1rias vezes no debate sobre o modelo multissetorial (S\u00e3o Paulo Multistakeholder Guidelines)<\/em><\/p>\n<p>Bobo Ching, l\u00edder de engajamento para o pr\u00f3ximo round de dom\u00ednios de n\u00edvel superior (TLDs), apresentou o cronograma de 2026 para submiss\u00e3o de candidaturas e o programa de apoio ao candidato (ASP). Ele destacou que o custo da candidatura \u00e9 de US$ 227.000, mas o ASP pode conceder um desconto de at\u00e9 85% para ONGs, grupos ind\u00edgenas, pequenas e m\u00e9dias empresas de economias em desenvolvimento, e organiza\u00e7\u00f5es intergovernamentais. No dia 19 de novembro, a ICANN come\u00e7ar\u00e1 a aceitar inscri\u00e7\u00f5es de entidades interessadas em apoio financeiro e n\u00e3o financeiro, como treinamentos e mentoria.<\/p>\n<p>A sess\u00e3o tamb\u00e9m abordou o Compacto Digital Global e o papel da ICANN no apoio aos Objetivos de Desenvolvimento Sustent\u00e1vel (ODS). Foi comentado sobre as recentes resolu\u00e7\u00f5es da ITU (Uni\u00e3o Internacional de Telecomunica\u00e7\u00f5es), que ampliaram seu escopo para incluir temas como metaverso e intelig\u00eancia artificial. Se destacou a import\u00e2ncia de monitorar essas mudan\u00e7as para garantir a interoperabilidade dos identificadores da Internet.<\/p>\n<p><img loading=\"lazy\" decoding=\"async\" class=\"aligncenter  wp-image-2981\" src=\"https:\/\/nivaldocleto.cnt.br\/blog\/wp-content\/uploads\/2024\/11\/WhatsApp-Image-2024-11-14-at-08.02.47-1.jpeg\" alt=\"\" width=\"635\" height=\"357\" srcset=\"https:\/\/nivaldocleto.cnt.br\/blog\/wp-content\/uploads\/2024\/11\/WhatsApp-Image-2024-11-14-at-08.02.47-1.jpeg 1600w, https:\/\/nivaldocleto.cnt.br\/blog\/wp-content\/uploads\/2024\/11\/WhatsApp-Image-2024-11-14-at-08.02.47-1-300x169.jpeg 300w, https:\/\/nivaldocleto.cnt.br\/blog\/wp-content\/uploads\/2024\/11\/WhatsApp-Image-2024-11-14-at-08.02.47-1-768x432.jpeg 768w, https:\/\/nivaldocleto.cnt.br\/blog\/wp-content\/uploads\/2024\/11\/WhatsApp-Image-2024-11-14-at-08.02.47-1-1024x576.jpeg 1024w, https:\/\/nivaldocleto.cnt.br\/blog\/wp-content\/uploads\/2024\/11\/WhatsApp-Image-2024-11-14-at-08.02.47-1-1080x608.jpeg 1080w\" sizes=\"auto, (max-width: 635px) 100vw, 635px\" \/><\/p>\n<p style=\"text-align: center;\"><em>A partir da esq., Ministro Eug\u00eanio Vargas Garcia, do Minist\u00e9rio das Rela\u00e7\u00f5es Exteriores do Brasil, atual C\u00f4nsul-Geral Adjunto e Chefe de Ci\u00eancia, Tecnologia e Inova\u00e7\u00e3o; Nicolas Caballero, Chair do GAC; Thiago Dal-Toe, do Minist\u00e9rio de Tecnologia e Informa\u00e7\u00e3o da Col\u00f4mbia; e Jorge Cancio, vice-diretor de Rela\u00e7\u00f5es Internacionais do Escrit\u00f3rio Federal de Comunica\u00e7\u00f5es da Su\u00ed\u00e7a.<\/em><\/p>\n<p>Representantes da regi\u00e3o da Am\u00e9rica Latina e Caribe apresentaram projetos inovadores, como o do NIC Chile Labs para analisar a infraestrutura de DNS na regi\u00e3o. Foram tamb\u00e9m abordadas quest\u00f5es sobre o envolvimento da ICANN no F\u00f3rum de Governan\u00e7a da Internet (IGF) e no processo de revis\u00e3o da C\u00fapula Mundial sobre a Sociedade da Informa\u00e7\u00e3o (WSIS) em 2025, apesar de isso ter ocorrido de um modo mais passivo e mais voltado a defender sua posi\u00e7\u00e3o do que avan\u00e7ar novas ideias.<\/p>\n<p>Por fim, a reuni\u00e3o incentivou os participantes a colaborarem no fortalecimento do modelo multissetorial, com aten\u00e7\u00e3o especial para incluir diferentes atores regionais e garantir a inclus\u00e3o e diversidade nas decis\u00f5es de governan\u00e7a da Internet.<\/p>\n<p><em>*Nivaldo Cleto \u00e9 empres\u00e1rio de contabilidade e de certifica\u00e7\u00e3o digital, conselheiro do Comit\u00ea Gestor da Internet no Brasil CGI.br e membro da ICANN Business Constituency \u2013 BC<\/em><\/p>\n<p>&nbsp;<\/p>\n<hr \/>\n<h6><a href=\"#_ednref1\" name=\"_edn1\">[i]<\/a> Um dom\u00ednio gen\u00e9rico de primeiro n\u00edvel (gTLD) \u00e9 uma extens\u00e3o de nome de dom\u00ednio da Internet com tr\u00eas ou mais caracteres. \u00c9 uma das categorias de dom\u00ednio de primeiro n\u00edvel (TLD) no Sistema de Nomes de Dom\u00ednio (DNS) mantido pela Autoridade para Atribui\u00e7\u00e3o de N\u00fameros da Internet.<\/h6>\n","protected":false},"excerpt":{"rendered":"<p>Foto &#8211; Comitiva da LAC Space na ICANN 81 Por Nivaldo Cleto*\u00a0 Durante a sess\u00e3o LAC Space (Espa\u00e7o de Trabalho da Am\u00e9rica Latina e do Caribe) da ICANN 81 seguimos a tradi\u00e7\u00e3o de trazer as preocupa\u00e7\u00f5es da regi\u00e3o latino-americana relativas a governan\u00e7a da Internet e os pr\u00f3ximos passos em iniciativas que sejam ben\u00e9ficos para n\u00f3s. O evento come\u00e7ou com uma homenagem a Oscar Robles, que teve um papel central na cria\u00e7\u00e3o de diversas institui\u00e7\u00f5es ligadas \u00e0 Internet na Am\u00e9rica Latina e no Caribe. Leon Sanchez, membro do Conselho Diretor da ICANN, apresentou um resumo do workshop preparat\u00f3rio, que tratou de auditorias de dados para garantir a conformidade de registros e registradores com as pol\u00edticas de transpar\u00eancia, al\u00e9m de abordar a elei\u00e7\u00e3o de novos membros do conselho, incluindo os cargos de chair e vice-chair, marcada para quinta-feira. O workshop revisou o plano estrat\u00e9gico da ICANN, com foco no feedback p\u00fablico sobre a pr\u00f3xima rodada de gTLDs[i] para inclus\u00e3o de novos dom\u00ednios. Leon tamb\u00e9m mencionou a chegada de tr\u00eas novos conselheiros e refor\u00e7ou a necessidade de fortalecer o modelo multissetorial para acompanhar a evolu\u00e7\u00e3o das pol\u00edticas e infraestruturas globais da Internet. \u00c0 esq., Renata Mielli, coordenadora do CGI.br no f\u00f3rum p\u00fablico. [&hellip;]<\/p>\n","protected":false},"author":2,"featured_media":2978,"comment_status":"closed","ping_status":"closed","sticky":false,"template":"","format":"standard","meta":{"footnotes":""},"categories":[71],"tags":[],"class_list":["post-2977","post","type-post","status-publish","format-standard","has-post-thumbnail","hentry","category-icann-81"],"_links":{"self":[{"href":"https:\/\/nivaldocleto.cnt.br\/blog\/wp-json\/wp\/v2\/posts\/2977","targetHints":{"allow":["GET"]}}],"collection":[{"href":"https:\/\/nivaldocleto.cnt.br\/blog\/wp-json\/wp\/v2\/posts"}],"about":[{"href":"https:\/\/nivaldocleto.cnt.br\/blog\/wp-json\/wp\/v2\/types\/post"}],"author":[{"embeddable":true,"href":"https:\/\/nivaldocleto.cnt.br\/blog\/wp-json\/wp\/v2\/users\/2"}],"replies":[{"embeddable":true,"href":"https:\/\/nivaldocleto.cnt.br\/blog\/wp-json\/wp\/v2\/comments?post=2977"}],"version-history":[{"count":1,"href":"https:\/\/nivaldocleto.cnt.br\/blog\/wp-json\/wp\/v2\/posts\/2977\/revisions"}],"predecessor-version":[{"id":2982,"href":"https:\/\/nivaldocleto.cnt.br\/blog\/wp-json\/wp\/v2\/posts\/2977\/revisions\/2982"}],"wp:featuredmedia":[{"embeddable":true,"href":"https:\/\/nivaldocleto.cnt.br\/blog\/wp-json\/wp\/v2\/media\/2978"}],"wp:attachment":[{"href":"https:\/\/nivaldocleto.cnt.br\/blog\/wp-json\/wp\/v2\/media?parent=2977"}],"wp:term":[{"taxonomy":"category","embeddable":true,"href":"https:\/\/nivaldocleto.cnt.br\/blog\/wp-json\/wp\/v2\/categories?post=2977"},{"taxonomy":"post_tag","embeddable":true,"href":"https:\/\/nivaldocleto.cnt.br\/blog\/wp-json\/wp\/v2\/tags?post=2977"}],"curies":[{"name":"wp","href":"https:\/\/api.w.org\/{rel}","templated":true}]}}