{"id":2903,"date":"2024-03-07T10:35:04","date_gmt":"2024-03-07T13:35:04","guid":{"rendered":"http:\/\/nivaldocleto.cnt.br\/blog\/?p=2903"},"modified":"2024-03-10T10:50:20","modified_gmt":"2024-03-10T13:50:20","slug":"diario-icann-79-dia-6","status":"publish","type":"post","link":"https:\/\/nivaldocleto.cnt.br\/blog\/diario-icann-79-dia-6\/","title":{"rendered":"Di\u00e1rio ICANN 79 &#8211; Dia 6"},"content":{"rendered":"<div id=\"fb-root\"><\/div>\n<p><em>Foto Divulga\u00e7\u00e3o ICANN<\/em><\/p>\n<p>&nbsp;<\/p>\n<p>Por Nivaldo Cleto<\/p>\n<p>Nosso \u00faltimo di\u00e1rio da ICANN 79 vai abordar uma sess\u00e3o que j\u00e1 se tornou uma tradi\u00e7\u00e3o em nossos resumos: a de atualiza\u00e7\u00f5es legislativas internacionais. Conduzida por Venni Markovsky, chefe de engajamento governamental da ICANN, essas sess\u00f5es buscam apresentar de forma resumida como atores governamentais e intergovernamentais tem conduzido seus desenvolvimentos legislativos e regulat\u00f3rios em pautas que s\u00e3o tocantes \u00e0 miss\u00e3o da ICANN, ou que podem afetar diretamente a estrutura da governan\u00e7a global da Internet.<\/p>\n<p>Destaque foi dado ao Compacto Digital Global (GDC) da ONU, que j\u00e1 passou por uma s\u00e9rie de itera\u00e7\u00f5es, mas afirma buscar fortalecer a coopera\u00e7\u00e3o digital global. Seu foco \u00e9 nos Estados-Membros, tendo outras partes interessadas para fornecer feedback sobre temas, compromissos e mecanismos. Ou seja, n\u00e3o \u00e9 uma iniciativa multisetorial, mas sim multilateral com alguma possibilidade de participa\u00e7\u00e3o externa.<\/p>\n<p>V\u00e1rias sugest\u00f5es dadas ao grupo do GDC enfatizaram a necessidade de evitar a duplica\u00e7\u00e3o de esfor\u00e7os ou a cria\u00e7\u00e3o de novos mecanismos. A Uni\u00e3o Europeia e o Grupo Africano, por exemplo, manifestaram apoio ao F\u00f3rum de Governan\u00e7a da Internet (IGF) como plataforma chave para a governan\u00e7a da Internet, de modo a se colocarem em oposi\u00e7\u00e3o a algo que substitu\u00edsse esse espa\u00e7o diretamente.<\/p>\n<p>Devido \u00e0 falta de clareza sobre qual \u00e9 o foco final do GDC, permanece uma s\u00e9ria d\u00favida sobre o quanto a ICANN deve ser ativa em rela\u00e7\u00e3o a essas discuss\u00f5es. No entanto, visto a participa\u00e7\u00e3o e resposta da comunidade ICANN durante essa sess\u00e3o e os pedidos de a organiza\u00e7\u00e3o se mostrar bastante presente no processo indicam que existe uma vontade forte de um olhar apurado.<\/p>\n<p>Outro ponto de destaque da sess\u00e3o foi o acompanhamento das atividades de organiza\u00e7\u00f5es intergovernamentais (IGOs), com atualiza\u00e7\u00f5es sobre processos correntes, incluindo a abordagem da Uni\u00e3o Europeia e outras jurisdi\u00e7\u00f5es sobre quest\u00f5es como privacidade, seguran\u00e7a cibern\u00e9tica e regula\u00e7\u00e3o de conte\u00fado. Essas discuss\u00f5es sublinham a complexidade e a import\u00e2ncia de uma governan\u00e7a efetiva e inclusiva da Internet, reconhecendo operadores de nomes de dom\u00ednio e outras entidades t\u00e9cnicas como partes essenciais desse ecossistema.<\/p>\n<p><img loading=\"lazy\" decoding=\"async\" class=\"aligncenter  wp-image-2904\" src=\"http:\/\/nivaldocleto.cnt.br\/blog\/wp-content\/uploads\/2024\/03\/WhatsApp-Image-2024-03-07-at-12.32.09.jpeg\" alt=\"\" width=\"513\" height=\"684\" srcset=\"https:\/\/nivaldocleto.cnt.br\/blog\/wp-content\/uploads\/2024\/03\/WhatsApp-Image-2024-03-07-at-12.32.09.jpeg 960w, https:\/\/nivaldocleto.cnt.br\/blog\/wp-content\/uploads\/2024\/03\/WhatsApp-Image-2024-03-07-at-12.32.09-225x300.jpeg 225w, https:\/\/nivaldocleto.cnt.br\/blog\/wp-content\/uploads\/2024\/03\/WhatsApp-Image-2024-03-07-at-12.32.09-768x1024.jpeg 768w\" sizes=\"auto, (max-width: 513px) 100vw, 513px\" \/><\/p>\n<p style=\"text-align: center;\"><em>David Olive: 25 anos de servi\u00e7os para a ICANN<\/em><\/p>\n<p>&nbsp;<\/p>\n<p>A reuni\u00e3o tamb\u00e9m abordou a prepara\u00e7\u00e3o para a revis\u00e3o de 20 anos da C\u00fapula Mundial sobre a Sociedade da Informa\u00e7\u00e3o (WSIS+20), com a ICANN desempenhando um papel duplo: trabalhando para alcan\u00e7ar objetivos alinhados com sua miss\u00e3o e atuando como facilitadora na coordena\u00e7\u00e3o de esfor\u00e7os comunit\u00e1rios. Foi enfatizado o compromisso cont\u00ednuo da ICANN em promover o modelo multissetorial de governan\u00e7a da Internet e estender o mandato do IGF.<\/p>\n<p>A sess\u00e3o da ICANN reafirmou a necessidade de vigil\u00e2ncia e colabora\u00e7\u00e3o cont\u00ednuas entre os diversos stakeholders da Internet, desde especialistas t\u00e9cnicos a governos e organiza\u00e7\u00f5es intergovernamentais, para garantir que a evolu\u00e7\u00e3o da governan\u00e7a da Internet permane\u00e7a inclusiva, transparente e eficaz, preservando os princ\u00edpios fundamentais que sustentam a Internet aberta e interoper\u00e1vel.<\/p>\n<div id=\"title\" class=\"style-scope ytd-watch-metadata\">\n<h3 class=\"style-scope ytd-watch-metadata\">TOP.br o mais novo servi\u00e7o do NIC.br para medir a qualidade dos servi\u00e7os oferecidos pelo seu provedor<\/h3>\n<\/div>\n<div class=\"item style-scope ytd-watch-metadata\">\n<p>O TOP ajuda voc\u00ea a verificar se a Internet que utiliza est\u00e1 seguindo os padr\u00f5es t\u00e9cnicos internacionais mais modernos. Voc\u00ea sabe se o\u00a0<a href=\"https:\/\/top.nic.br\/test-site\/\"><strong><em>site<\/em><\/strong><\/a>,\u00a0<a href=\"https:\/\/top.nic.br\/test-mail\/\"><strong><em>e-mail<\/em><\/strong><\/a>\u00a0ou\u00a0<a href=\"https:\/\/top.nic.br\/test-connection\/\"><strong>conex\u00e3o \u00e0 Internet<\/strong><\/a>\u00a0que voc\u00ea utiliza segue esses\u00a0<strong>padr\u00f5es t\u00e9cnicos mais modernos e confi\u00e1veis de Internet<\/strong>? E se eles n\u00e3o os seguem, o que voc\u00ea pode fazer a respeito?<\/p>\n<\/div>\n<p>&nbsp;<\/p>\n<div class=\"item style-scope ytd-watch-metadata\">\n<p><iframe loading=\"lazy\" title=\"TOP.br o mais novo servi\u00e7o do NIC.br para medir a qualidade dos servi\u00e7os oferecidos pelo seu provedo\" width=\"1080\" height=\"608\" src=\"https:\/\/www.youtube.com\/embed\/CztmywhMPyk?feature=oembed\" frameborder=\"0\" allow=\"accelerometer; autoplay; clipboard-write; encrypted-media; gyroscope; picture-in-picture; web-share\" allowfullscreen><\/iframe><\/p>\n<\/div>\n<p>Acesse &#8211; <a href=\"https:\/\/top.nic.br\/\">https:\/\/top.nic.br\/<\/a><\/p>\n<p>&nbsp;<\/p>\n<p><em>(*) Nivaldo Cleto \u00e9 empres\u00e1rio de contabilidade e de certifica\u00e7\u00e3o digital, conselheiro do Comit\u00ea Gestor da Internet no Brasil CGI.br e membro da ICANN Business Constituency \u2013 BC<\/em><\/p>\n","protected":false},"excerpt":{"rendered":"<p>Foto Divulga\u00e7\u00e3o ICANN &nbsp; Por Nivaldo Cleto Nosso \u00faltimo di\u00e1rio da ICANN 79 vai abordar uma sess\u00e3o que j\u00e1 se tornou uma tradi\u00e7\u00e3o em nossos resumos: a de atualiza\u00e7\u00f5es legislativas internacionais. Conduzida por Venni Markovsky, chefe de engajamento governamental da ICANN, essas sess\u00f5es buscam apresentar de forma resumida como atores governamentais e intergovernamentais tem conduzido seus desenvolvimentos legislativos e regulat\u00f3rios em pautas que s\u00e3o tocantes \u00e0 miss\u00e3o da ICANN, ou que podem afetar diretamente a estrutura da governan\u00e7a global da Internet. Destaque foi dado ao Compacto Digital Global (GDC) da ONU, que j\u00e1 passou por uma s\u00e9rie de itera\u00e7\u00f5es, mas afirma buscar fortalecer a coopera\u00e7\u00e3o digital global. Seu foco \u00e9 nos Estados-Membros, tendo outras partes interessadas para fornecer feedback sobre temas, compromissos e mecanismos. Ou seja, n\u00e3o \u00e9 uma iniciativa multisetorial, mas sim multilateral com alguma possibilidade de participa\u00e7\u00e3o externa. V\u00e1rias sugest\u00f5es dadas ao grupo do GDC enfatizaram a necessidade de evitar a duplica\u00e7\u00e3o de esfor\u00e7os ou a cria\u00e7\u00e3o de novos mecanismos. A Uni\u00e3o Europeia e o Grupo Africano, por exemplo, manifestaram apoio ao F\u00f3rum de Governan\u00e7a da Internet (IGF) como plataforma chave para a governan\u00e7a da Internet, de modo a se colocarem em oposi\u00e7\u00e3o a algo que substitu\u00edsse [&hellip;]<\/p>\n","protected":false},"author":2,"featured_media":2905,"comment_status":"closed","ping_status":"closed","sticky":false,"template":"","format":"standard","meta":{"footnotes":""},"categories":[70],"tags":[],"class_list":["post-2903","post","type-post","status-publish","format-standard","has-post-thumbnail","hentry","category-icann79"],"_links":{"self":[{"href":"https:\/\/nivaldocleto.cnt.br\/blog\/wp-json\/wp\/v2\/posts\/2903","targetHints":{"allow":["GET"]}}],"collection":[{"href":"https:\/\/nivaldocleto.cnt.br\/blog\/wp-json\/wp\/v2\/posts"}],"about":[{"href":"https:\/\/nivaldocleto.cnt.br\/blog\/wp-json\/wp\/v2\/types\/post"}],"author":[{"embeddable":true,"href":"https:\/\/nivaldocleto.cnt.br\/blog\/wp-json\/wp\/v2\/users\/2"}],"replies":[{"embeddable":true,"href":"https:\/\/nivaldocleto.cnt.br\/blog\/wp-json\/wp\/v2\/comments?post=2903"}],"version-history":[{"count":1,"href":"https:\/\/nivaldocleto.cnt.br\/blog\/wp-json\/wp\/v2\/posts\/2903\/revisions"}],"predecessor-version":[{"id":2906,"href":"https:\/\/nivaldocleto.cnt.br\/blog\/wp-json\/wp\/v2\/posts\/2903\/revisions\/2906"}],"wp:featuredmedia":[{"embeddable":true,"href":"https:\/\/nivaldocleto.cnt.br\/blog\/wp-json\/wp\/v2\/media\/2905"}],"wp:attachment":[{"href":"https:\/\/nivaldocleto.cnt.br\/blog\/wp-json\/wp\/v2\/media?parent=2903"}],"wp:term":[{"taxonomy":"category","embeddable":true,"href":"https:\/\/nivaldocleto.cnt.br\/blog\/wp-json\/wp\/v2\/categories?post=2903"},{"taxonomy":"post_tag","embeddable":true,"href":"https:\/\/nivaldocleto.cnt.br\/blog\/wp-json\/wp\/v2\/tags?post=2903"}],"curies":[{"name":"wp","href":"https:\/\/api.w.org\/{rel}","templated":true}]}}