{"id":2897,"date":"2024-03-06T22:09:49","date_gmt":"2024-03-07T01:09:49","guid":{"rendered":"http:\/\/nivaldocleto.cnt.br\/blog\/?p=2897"},"modified":"2024-03-07T22:18:05","modified_gmt":"2024-03-08T01:18:05","slug":"diario-icann-79-dia-5","status":"publish","type":"post","link":"https:\/\/nivaldocleto.cnt.br\/blog\/diario-icann-79-dia-5\/","title":{"rendered":"Di\u00e1rio ICANN 79 &#8211; Dia 5"},"content":{"rendered":"<div id=\"fb-root\"><\/div>\n<p><em>Foto &#8211; Comitiva brasileira na <span class=\"xt0psk2\">ICANN<\/span> 79 em Porto Rico<\/em><\/p>\n<p><em>Por Nivaldo Cleto*<\/em><\/p>\n<p>Hoje ocorreu o an\u00fancio oficial do <a href=\"https:\/\/netmundial.br\/\">Netmundial+10<\/a> para a comunidade de neg\u00f3cios da ICANN, a Business Constituency (BC). Estavam presentes os representantes do CGI.br: Renata Mieli, como atual diretora do grupo, e o Conselheiro do setor de neg\u00f3cios, Nivaldo Cleto; contando a colabora\u00e7\u00e3o do consultor de pol\u00edticas de Internet, Mark W. Datysgeld.<\/p>\n<p>Foi reiterado que o evento se dar\u00e1 entre 29 e 30 de abril de 2024, na cidade de S\u00e3o Paulo. Ficou tamb\u00e9m estabelecido que um dos grandes objetivos \u00e9 que o evento seja de natureza h\u00edbrida, para tornar o acesso global \u00e0 discuss\u00e3o mais f\u00e1cil e obter um alcance maior do que era poss\u00edvel da primeira vez em que o evento foi conduzido.<\/p>\n<p><img loading=\"lazy\" decoding=\"async\" class=\"aligncenter  wp-image-2886\" src=\"http:\/\/nivaldocleto.cnt.br\/blog\/wp-content\/uploads\/2024\/03\/WhatsApp-Image-2024-03-05-at-14.54.11.jpeg\" alt=\"\" width=\"660\" height=\"495\" srcset=\"https:\/\/nivaldocleto.cnt.br\/blog\/wp-content\/uploads\/2024\/03\/WhatsApp-Image-2024-03-05-at-14.54.11.jpeg 1600w, https:\/\/nivaldocleto.cnt.br\/blog\/wp-content\/uploads\/2024\/03\/WhatsApp-Image-2024-03-05-at-14.54.11-300x225.jpeg 300w, https:\/\/nivaldocleto.cnt.br\/blog\/wp-content\/uploads\/2024\/03\/WhatsApp-Image-2024-03-05-at-14.54.11-768x576.jpeg 768w, https:\/\/nivaldocleto.cnt.br\/blog\/wp-content\/uploads\/2024\/03\/WhatsApp-Image-2024-03-05-at-14.54.11-1024x768.jpeg 1024w, https:\/\/nivaldocleto.cnt.br\/blog\/wp-content\/uploads\/2024\/03\/WhatsApp-Image-2024-03-05-at-14.54.11-1080x810.jpeg 1080w\" sizes=\"auto, (max-width: 660px) 100vw, 660px\" \/><\/p>\n<p style=\"text-align: center;\"><em>Renata Mielli na reuni\u00e3o da Business Constituency para convidar a comunidade empresarial a participar da NetMundial+10<\/em><\/p>\n<p>&nbsp;<\/p>\n<p>O Netmundial original, ocorrido dez anos atr\u00e1s, foi um evento marcante na governan\u00e7a da Internet, propondo mapear novas vias para a coopera\u00e7\u00e3o global no tema. Ele reuniu diferentes partes interessadas para debater o futuro da governan\u00e7a da Internet de maneira ampla. Convocado pelo governo brasileiro e pela ICANN em resposta \u00e0s revela\u00e7\u00f5es de Edward Snowden sobre a espionagem global na Internet por diversos pa\u00edses (principalmente os EUA), o evento buscou ir de encontro a essas revela\u00e7\u00f5es.<\/p>\n<p>Foi durante o evento que a Presidente assinou o Marco Civil da Internet, o qual teve uma importante colabora\u00e7\u00e3o do CGI.br.<\/p>\n<p>O <a href=\"https:\/\/netmundial.br\/wp-content\/uploads\/2014\/04\/NETmundial-Multistakeholder-Document.pdf\">documento resultante<\/a> do Netmundial, embora n\u00e3o obrigat\u00f3rio, definiu v\u00e1rios princ\u00edpios que seriam observados nos esfor\u00e7os de governan\u00e7a da Internet que se seguiram, demonstrando a efic\u00e1cia do evento em captar uma vis\u00e3o geral dos objetivos da comunidade. As \u00e1reas enfatizadas inclu\u00edram: direitos humanos; prote\u00e7\u00e3o de intermedi\u00e1rios; espa\u00e7o online unificado; seguran\u00e7a, estabilidade e resili\u00eancia; arquitetura aberta e distribu\u00edda; inova\u00e7\u00e3o sustent\u00e1vel; continuidade do modelo multissetorial; padr\u00f5es abertos.<\/p>\n<p>Agora que nos encontramos em um momento no qual existe novamente certa d\u00favida sobre como os processos globais de governan\u00e7a da Internet v\u00e3o se encaixar e se faz necess\u00e1rio entender como refor\u00e7ar la\u00e7os entre os Estados e os processos multisetoriais, se faz extremamente oportuno trazer esse para evid\u00eancia e explorar quest\u00f5es da mesma maneira franca que da primeira vez.<\/p>\n<p>\u00c9 importante destacar que diversos atores da comunidade ICANN se fizeram presentes em apoiar o Netmundial+10, e temos que dar destaque particular para o atual Chair do Conselho Governamental (GAC), Nico Caballero, representante do Paraguay. Com apoio de Nico temos conseguido comunicar essa proposta de maneira eficiente e correta para os governos do mundo, o que nos traz grande felicidade.<\/p>\n<p>Seguiremos olhando muito de perto para esse evento de gen\u00e9tica brasileira.<\/p>\n<div style=\"width: 848px;\" class=\"wp-video\"><!--[if lt IE 9]><script>document.createElement('video');<\/script><![endif]-->\n<video class=\"wp-video-shortcode\" id=\"video-2897-1\" width=\"848\" height=\"480\" preload=\"metadata\" controls=\"controls\"><source type=\"video\/mp4\" src=\"http:\/\/nivaldocleto.cnt.br\/blog\/wp-content\/uploads\/2024\/03\/WhatsApp-Video-2024-03-03-at-18.35.41-1.mp4?_=1\" \/><a href=\"http:\/\/nivaldocleto.cnt.br\/blog\/wp-content\/uploads\/2024\/03\/WhatsApp-Video-2024-03-03-at-18.35.41-1.mp4\">http:\/\/nivaldocleto.cnt.br\/blog\/wp-content\/uploads\/2024\/03\/WhatsApp-Video-2024-03-03-at-18.35.41-1.mp4<\/a><\/video><\/div>\n<p>&nbsp;<\/p>\n<p>Saiba mais em:\u00a0<a href=\"https:\/\/netmundial.br\/\">https:\/\/netmundial.br\/<\/a><\/p>\n<p>&nbsp;<\/p>\n<p><em>(*) Nivaldo Cleto \u00e9 empres\u00e1rio de contabilidade e de certifica\u00e7\u00e3o digital, conselheiro do Comit\u00ea Gestor da Internet no Brasil CGI.br e membro da ICANN Business Constituency \u2013 BC<\/em><\/p>\n","protected":false},"excerpt":{"rendered":"<p>Foto &#8211; Comitiva brasileira na ICANN 79 em Porto Rico Por Nivaldo Cleto* Hoje ocorreu o an\u00fancio oficial do Netmundial+10 para a comunidade de neg\u00f3cios da ICANN, a Business Constituency (BC). Estavam presentes os representantes do CGI.br: Renata Mieli, como atual diretora do grupo, e o Conselheiro do setor de neg\u00f3cios, Nivaldo Cleto; contando a colabora\u00e7\u00e3o do consultor de pol\u00edticas de Internet, Mark W. Datysgeld. Foi reiterado que o evento se dar\u00e1 entre 29 e 30 de abril de 2024, na cidade de S\u00e3o Paulo. Ficou tamb\u00e9m estabelecido que um dos grandes objetivos \u00e9 que o evento seja de natureza h\u00edbrida, para tornar o acesso global \u00e0 discuss\u00e3o mais f\u00e1cil e obter um alcance maior do que era poss\u00edvel da primeira vez em que o evento foi conduzido. Renata Mielli na reuni\u00e3o da Business Constituency para convidar a comunidade empresarial a participar da NetMundial+10 &nbsp; O Netmundial original, ocorrido dez anos atr\u00e1s, foi um evento marcante na governan\u00e7a da Internet, propondo mapear novas vias para a coopera\u00e7\u00e3o global no tema. Ele reuniu diferentes partes interessadas para debater o futuro da governan\u00e7a da Internet de maneira ampla. Convocado pelo governo brasileiro e pela ICANN em resposta \u00e0s revela\u00e7\u00f5es de Edward [&hellip;]<\/p>\n","protected":false},"author":2,"featured_media":2898,"comment_status":"closed","ping_status":"closed","sticky":false,"template":"","format":"standard","meta":{"footnotes":""},"categories":[70],"tags":[],"class_list":["post-2897","post","type-post","status-publish","format-standard","has-post-thumbnail","hentry","category-icann79"],"_links":{"self":[{"href":"https:\/\/nivaldocleto.cnt.br\/blog\/wp-json\/wp\/v2\/posts\/2897","targetHints":{"allow":["GET"]}}],"collection":[{"href":"https:\/\/nivaldocleto.cnt.br\/blog\/wp-json\/wp\/v2\/posts"}],"about":[{"href":"https:\/\/nivaldocleto.cnt.br\/blog\/wp-json\/wp\/v2\/types\/post"}],"author":[{"embeddable":true,"href":"https:\/\/nivaldocleto.cnt.br\/blog\/wp-json\/wp\/v2\/users\/2"}],"replies":[{"embeddable":true,"href":"https:\/\/nivaldocleto.cnt.br\/blog\/wp-json\/wp\/v2\/comments?post=2897"}],"version-history":[{"count":1,"href":"https:\/\/nivaldocleto.cnt.br\/blog\/wp-json\/wp\/v2\/posts\/2897\/revisions"}],"predecessor-version":[{"id":2899,"href":"https:\/\/nivaldocleto.cnt.br\/blog\/wp-json\/wp\/v2\/posts\/2897\/revisions\/2899"}],"wp:featuredmedia":[{"embeddable":true,"href":"https:\/\/nivaldocleto.cnt.br\/blog\/wp-json\/wp\/v2\/media\/2898"}],"wp:attachment":[{"href":"https:\/\/nivaldocleto.cnt.br\/blog\/wp-json\/wp\/v2\/media?parent=2897"}],"wp:term":[{"taxonomy":"category","embeddable":true,"href":"https:\/\/nivaldocleto.cnt.br\/blog\/wp-json\/wp\/v2\/categories?post=2897"},{"taxonomy":"post_tag","embeddable":true,"href":"https:\/\/nivaldocleto.cnt.br\/blog\/wp-json\/wp\/v2\/tags?post=2897"}],"curies":[{"name":"wp","href":"https:\/\/api.w.org\/{rel}","templated":true}]}}