{"id":2868,"date":"2024-03-03T17:20:51","date_gmt":"2024-03-03T20:20:51","guid":{"rendered":"http:\/\/nivaldocleto.cnt.br\/blog\/?p=2868"},"modified":"2024-03-04T17:34:25","modified_gmt":"2024-03-04T20:34:25","slug":"diario-icann-79-dia-2","status":"publish","type":"post","link":"https:\/\/nivaldocleto.cnt.br\/blog\/diario-icann-79-dia-2\/","title":{"rendered":"Di\u00e1rio ICANN 79 &#8211; Dia 2"},"content":{"rendered":"<div id=\"fb-root\"><\/div>\n<p>Por Nivaldo Cleto*<\/p>\n<p>No segundo dia em San Juan, tivemos uma atualiza\u00e7\u00e3o geral sobre o status dos diversos projetos que est\u00e3o em curso na ICANN nesse momento que s\u00e3o de responsabilidade da comunidade de nomes gen\u00e9ricos (como o \u201c.org\u201d e afins). Algumas quest\u00f5es interessantes foram levantadas que s\u00e3o de relev\u00e2ncia para o meio empresarial, da qual vamos destacar a o <em>Privacy Proxy<\/em> (Intermedi\u00e1rio de Privacidade).<\/p>\n<p>(Na foto em destaque, Sally Costerton, CEO interina da ICANN, durante abertura dos trabalhos.)<\/p>\n<p>Essa \u00e9 uma discuss\u00e3o relacionada ao tema que abordamos em <a href=\"http:\/\/nivaldocleto.cnt.br\/blog\/diario-icann-79-dia-1\/\">nosso di\u00e1rio do dia 1<\/a>, no qual tratamos sobre a veracidade dos dados dos registradores de dom\u00ednio. Esses intermedi\u00e1rios de privacidade s\u00e3o entidades que ocultam os dados de um registrador por tr\u00e1s de uma identidade gen\u00e9rica para impedir a exposi\u00e7\u00e3o de dados pessoais.<\/p>\n<p>Dessa forma, o registrador de \u201cexemplo.org\u201d pode at\u00e9 fornecer seus dados reais no momento da compra de um dom\u00ednio, mas no fim das contas, quando essa informa\u00e7\u00e3o for procurada, os dados que ser\u00e3o liberados s\u00e3o os da entidade servindo de intermedi\u00e1rio. Enquanto esse \u00e9 um recurso de privacidade valioso, o que n\u00e3o \u00e9 claro \u00e9 como agir caso a informa\u00e7\u00e3o realmente seja necess\u00e1ria, pois n\u00e3o existe um padr\u00e3o demandado desses intermedi\u00e1rios.<\/p>\n<p>O servi\u00e7o de intermedi\u00e1rio de privacidade costumava ser algo pago, mas com as diversas reformas de privacidade advinda de leis como a europeia e a brasileira, muitas partes contratadas da ICANN est\u00e3o agora oferecendo esse servi\u00e7o sem custo, apesar ainda existirem aqueles que cobram. Isso traz perguntas como se a parte contratada \u00e9 respons\u00e1vel por prover os dados por tr\u00e1s do intermedi\u00e1rio ou se o respons\u00e1vel \u00e9 a organiza\u00e7\u00e3o terceirizada contratada por eles.<\/p>\n<p>Foi pedido que o time de pol\u00edticas da ICANN encontrasse as recomenda\u00e7\u00f5es corretas para esse processo j\u00e1 h\u00e1 diversos anos, mas at\u00e9 ent\u00e3o n\u00e3o tem sido retornada uma resposta concreta que realmente d\u00ea uma guia para os formadores de pol\u00edticas. Isso cria um ambiente de certa forma frustrante no qual n\u00e3o se pode ter garantias de se \u00e9 poss\u00edvel obter um dado ou n\u00e3o.<\/p>\n<p>Frente a uma diversidade de negocia\u00e7\u00f5es sendo feitas entre as partes contratadas e n\u00e3o contratadas, essa vai se tornando uma quest\u00e3o priorit\u00e1ria para que possamos continuar avan\u00e7ando pol\u00edticas de seguran\u00e7a e possibilidade de investiga\u00e7\u00e3o em casos nos quais existam preocupa\u00e7\u00f5es leg\u00edtimas e que efetivamente protejam nossos neg\u00f3cios e clientes.<\/p>\n<p><img loading=\"lazy\" decoding=\"async\" class=\"aligncenter  wp-image-2870\" src=\"http:\/\/nivaldocleto.cnt.br\/blog\/wp-content\/uploads\/2024\/03\/WhatsApp-Image-2024-03-03-at-23.57.51.jpeg\" alt=\"\" width=\"708\" height=\"531\" srcset=\"https:\/\/nivaldocleto.cnt.br\/blog\/wp-content\/uploads\/2024\/03\/WhatsApp-Image-2024-03-03-at-23.57.51.jpeg 1280w, https:\/\/nivaldocleto.cnt.br\/blog\/wp-content\/uploads\/2024\/03\/WhatsApp-Image-2024-03-03-at-23.57.51-300x225.jpeg 300w, https:\/\/nivaldocleto.cnt.br\/blog\/wp-content\/uploads\/2024\/03\/WhatsApp-Image-2024-03-03-at-23.57.51-768x576.jpeg 768w, https:\/\/nivaldocleto.cnt.br\/blog\/wp-content\/uploads\/2024\/03\/WhatsApp-Image-2024-03-03-at-23.57.51-1024x768.jpeg 1024w, https:\/\/nivaldocleto.cnt.br\/blog\/wp-content\/uploads\/2024\/03\/WhatsApp-Image-2024-03-03-at-23.57.51-1080x810.jpeg 1080w\" sizes=\"auto, (max-width: 708px) 100vw, 708px\" \/><\/p>\n<p style=\"text-align: center;\"><em>Nivaldo Cleto; Velasques, do Minist\u00e9rio das Rela\u00e7\u00f5es Exteriores do Paraguai; Nicol\u00e1s Caballero, c<span class=\"Y2IQFc\" lang=\"pt\">oordenador de TI e Consultor T\u00e9cnico do Gabinete do Presidente da Rep\u00fablica do Paraguai e representante de seu pa\u00eds no Comit\u00ea Consultivo Governamental (GAC) da ICANN e Paulo Milliet Roque, presidente da ABES (Associa\u00e7\u00e3o Brasileira das Empresas de Software).<\/span><\/em><\/p>\n<p>&nbsp;<\/p>\n<h3><strong>ICANN Lan\u00e7a Programa de Subs\u00eddios com US$ 10 Milh\u00f5es para Projetos de Internet<\/strong><\/h3>\n<p>A Internet Corporation for Assigned Names and Numbers (ICANN), organiza\u00e7\u00e3o sem fins lucrativos que coordena o Sistema de Nomes de Dom\u00ednio (DNS), anunciou no \u00faltimo dia 3 de mar\u00e7o a cria\u00e7\u00e3o do Programa de Subs\u00eddios ICANN. Este programa disponibilizar\u00e1 milh\u00f5es de d\u00f3lares em financiamento para desenvolver projetos que apoiem o crescimento de uma Internet \u00fanica, aberta e globalmente interoper\u00e1vel. A ICANN abrir\u00e1 um ciclo de aplica\u00e7\u00e3o para os primeiros US$ 10 milh\u00f5es em subs\u00eddios em mar\u00e7o de 2024.<\/p>\n<p>Com o aumento da conectividade \u00e0 Internet em todo o mundo, especialmente em pa\u00edses em desenvolvimento, o Programa de Subs\u00eddios visa apoiar a pr\u00f3xima fase do crescimento global da Internet. De acordo com a Uni\u00e3o Internacional de Telecomunica\u00e7\u00f5es (ITU), estima-se que 5,3 bilh\u00f5es da popula\u00e7\u00e3o mundial use a Internet em 2022, um aumento de 6,1% sobre 2021. O programa se concentrar\u00e1 em promover uma abordagem inclusiva e transparente no desenvolvimento de solu\u00e7\u00f5es de infraestrutura de Internet est\u00e1veis e seguras que suportem os sistemas de identificadores \u00fanicos da Internet.<\/p>\n<p>Saiba mais <a href=\"https:\/\/movimentopb.com.br\/2024\/03\/03\/icann-lanca-programa-de-subsidios-com-us-10-milhoes-para-projetos-de-internet\/\">aqui<\/a><\/p>\n<p>&nbsp;<\/p>\n<p><em>(*) Nivaldo Cleto \u00e9 empres\u00e1rio de contabilidade e de certifica\u00e7\u00e3o digital, conselheiro do Comit\u00ea Gestor da Internet no Brasil CGI.br e membro da ICANN Business Constituency \u2013 BC<\/em><\/p>\n","protected":false},"excerpt":{"rendered":"<p>Por Nivaldo Cleto* No segundo dia em San Juan, tivemos uma atualiza\u00e7\u00e3o geral sobre o status dos diversos projetos que est\u00e3o em curso na ICANN nesse momento que s\u00e3o de responsabilidade da comunidade de nomes gen\u00e9ricos (como o \u201c.org\u201d e afins). Algumas quest\u00f5es interessantes foram levantadas que s\u00e3o de relev\u00e2ncia para o meio empresarial, da qual vamos destacar a o Privacy Proxy (Intermedi\u00e1rio de Privacidade). (Na foto em destaque, Sally Costerton, CEO interina da ICANN, durante abertura dos trabalhos.) Essa \u00e9 uma discuss\u00e3o relacionada ao tema que abordamos em nosso di\u00e1rio do dia 1, no qual tratamos sobre a veracidade dos dados dos registradores de dom\u00ednio. Esses intermedi\u00e1rios de privacidade s\u00e3o entidades que ocultam os dados de um registrador por tr\u00e1s de uma identidade gen\u00e9rica para impedir a exposi\u00e7\u00e3o de dados pessoais. Dessa forma, o registrador de \u201cexemplo.org\u201d pode at\u00e9 fornecer seus dados reais no momento da compra de um dom\u00ednio, mas no fim das contas, quando essa informa\u00e7\u00e3o for procurada, os dados que ser\u00e3o liberados s\u00e3o os da entidade servindo de intermedi\u00e1rio. Enquanto esse \u00e9 um recurso de privacidade valioso, o que n\u00e3o \u00e9 claro \u00e9 como agir caso a informa\u00e7\u00e3o realmente seja necess\u00e1ria, pois n\u00e3o existe um [&hellip;]<\/p>\n","protected":false},"author":2,"featured_media":2869,"comment_status":"closed","ping_status":"closed","sticky":false,"template":"","format":"standard","meta":{"footnotes":""},"categories":[70],"tags":[],"class_list":["post-2868","post","type-post","status-publish","format-standard","has-post-thumbnail","hentry","category-icann79"],"_links":{"self":[{"href":"https:\/\/nivaldocleto.cnt.br\/blog\/wp-json\/wp\/v2\/posts\/2868","targetHints":{"allow":["GET"]}}],"collection":[{"href":"https:\/\/nivaldocleto.cnt.br\/blog\/wp-json\/wp\/v2\/posts"}],"about":[{"href":"https:\/\/nivaldocleto.cnt.br\/blog\/wp-json\/wp\/v2\/types\/post"}],"author":[{"embeddable":true,"href":"https:\/\/nivaldocleto.cnt.br\/blog\/wp-json\/wp\/v2\/users\/2"}],"replies":[{"embeddable":true,"href":"https:\/\/nivaldocleto.cnt.br\/blog\/wp-json\/wp\/v2\/comments?post=2868"}],"version-history":[{"count":1,"href":"https:\/\/nivaldocleto.cnt.br\/blog\/wp-json\/wp\/v2\/posts\/2868\/revisions"}],"predecessor-version":[{"id":2871,"href":"https:\/\/nivaldocleto.cnt.br\/blog\/wp-json\/wp\/v2\/posts\/2868\/revisions\/2871"}],"wp:featuredmedia":[{"embeddable":true,"href":"https:\/\/nivaldocleto.cnt.br\/blog\/wp-json\/wp\/v2\/media\/2869"}],"wp:attachment":[{"href":"https:\/\/nivaldocleto.cnt.br\/blog\/wp-json\/wp\/v2\/media?parent=2868"}],"wp:term":[{"taxonomy":"category","embeddable":true,"href":"https:\/\/nivaldocleto.cnt.br\/blog\/wp-json\/wp\/v2\/categories?post=2868"},{"taxonomy":"post_tag","embeddable":true,"href":"https:\/\/nivaldocleto.cnt.br\/blog\/wp-json\/wp\/v2\/tags?post=2868"}],"curies":[{"name":"wp","href":"https:\/\/api.w.org\/{rel}","templated":true}]}}