{"id":2861,"date":"2024-03-01T11:18:57","date_gmt":"2024-03-01T14:18:57","guid":{"rendered":"http:\/\/nivaldocleto.cnt.br\/blog\/?p=2861"},"modified":"2024-03-04T11:19:24","modified_gmt":"2024-03-04T14:19:24","slug":"icann-79","status":"publish","type":"post","link":"https:\/\/nivaldocleto.cnt.br\/blog\/icann-79\/","title":{"rendered":"ICANN 79"},"content":{"rendered":"<div id=\"fb-root\"><\/div>\n<div class=\"pt-cv-wrapper\"><div class=\"pt-cv-view pt-cv-grid pt-cv-colsys pt-cv-same-height\" id=\"pt-cv-view-21bcba9u5q\"><div data-id=\"pt-cv-page-1\" class=\"pt-cv-page\" data-cvc=\"1\" data-cvct=\"1\" data-cvcm=\"1\"><div class=\"col-md-12 col-sm-12 col-xs-12 pt-cv-content-item pt-cv-2-col\"  data-pid=\"2907\"><div class='pt-cv-ifield'><a href=\"https:\/\/nivaldocleto.cnt.br\/blog\/icann-lanca-novo-servico-para-provedores-de-acesso-a-internet\/\" class=\"_self pt-cv-href-thumbnail pt-cv-thumb-left cvplbd\" target=\"_self\" ><img loading=\"lazy\" decoding=\"async\" width=\"150\" height=\"150\" src=\"https:\/\/nivaldocleto.cnt.br\/blog\/wp-content\/uploads\/2024\/03\/WhatsApp-Image-2024-03-06-at-18.05.53-150x150.jpeg\" class=\"pt-cv-thumbnail img-none pull-left skip-lazy  no-lazyload \" alt=\"ICANN lan\u00e7a novo servi\u00e7o para provedores de acesso \u00e0 internet\" \/><\/a>\n<h4 class=\"pt-cv-title\"><a href=\"https:\/\/nivaldocleto.cnt.br\/blog\/icann-lanca-novo-servico-para-provedores-de-acesso-a-internet\/\" class=\"_self cvplbd\" target=\"_self\" >ICANN lan\u00e7a novo servi\u00e7o para provedores de acesso \u00e0 internet<\/a><\/h4>\n<div class=\"pt-cv-content\">Foto: a partir da esq. Lawrence Olawale-Roberts, Nivaldo Cleto, Daniel Fink e Nicolas Antoniello KINDNS (Knowledge-sharing and Instantiating Norms for ...<br \/><a href=\"https:\/\/nivaldocleto.cnt.br\/blog\/icann-lanca-novo-servico-para-provedores-de-acesso-a-internet\/\" class=\"_self pt-cv-readmore btn btn-success cvplbd\" target=\"_self\">Leia Mais<\/a><\/div><\/div><\/div>\n<div class=\"col-md-12 col-sm-12 col-xs-12 pt-cv-content-item pt-cv-2-col\"  data-pid=\"2903\"><div class='pt-cv-ifield'><a href=\"https:\/\/nivaldocleto.cnt.br\/blog\/diario-icann-79-dia-6\/\" class=\"_self pt-cv-href-thumbnail pt-cv-thumb-left cvplbd\" target=\"_self\" ><img loading=\"lazy\" decoding=\"async\" width=\"150\" height=\"150\" src=\"https:\/\/nivaldocleto.cnt.br\/blog\/wp-content\/uploads\/2024\/03\/53573802921_e1ec3bb7b3_c-150x150.jpg\" class=\"pt-cv-thumbnail img-none pull-left skip-lazy  no-lazyload \" alt=\"Di\u00e1rio ICANN 79 - Dia 6\" \/><\/a>\n<h4 class=\"pt-cv-title\"><a href=\"https:\/\/nivaldocleto.cnt.br\/blog\/diario-icann-79-dia-6\/\" class=\"_self cvplbd\" target=\"_self\" >Di\u00e1rio ICANN 79 &#8211; Dia 6<\/a><\/h4>\n<div class=\"pt-cv-content\">Foto Divulga\u00e7\u00e3o ICANN Por Nivaldo Cleto Nosso \u00faltimo di\u00e1rio da ICANN 79 vai abordar uma sess\u00e3o que j\u00e1 se tornou ...<br \/><a href=\"https:\/\/nivaldocleto.cnt.br\/blog\/diario-icann-79-dia-6\/\" class=\"_self pt-cv-readmore btn btn-success cvplbd\" target=\"_self\">Leia Mais<\/a><\/div><\/div><\/div>\n<div class=\"col-md-12 col-sm-12 col-xs-12 pt-cv-content-item pt-cv-2-col\"  data-pid=\"2897\"><div class='pt-cv-ifield'><a href=\"https:\/\/nivaldocleto.cnt.br\/blog\/diario-icann-79-dia-5\/\" class=\"_self pt-cv-href-thumbnail pt-cv-thumb-left cvplbd\" target=\"_self\" ><img loading=\"lazy\" decoding=\"async\" width=\"150\" height=\"150\" src=\"https:\/\/nivaldocleto.cnt.br\/blog\/wp-content\/uploads\/2024\/03\/WhatsApp-Image-2024-03-07-at-11.45.37-150x150.jpeg\" class=\"pt-cv-thumbnail img-none pull-left skip-lazy  no-lazyload \" alt=\"Di\u00e1rio ICANN 79 - Dia 5\" \/><\/a>\n<h4 class=\"pt-cv-title\"><a href=\"https:\/\/nivaldocleto.cnt.br\/blog\/diario-icann-79-dia-5\/\" class=\"_self cvplbd\" target=\"_self\" >Di\u00e1rio ICANN 79 &#8211; Dia 5<\/a><\/h4>\n<div class=\"pt-cv-content\">Foto - Comitiva brasileira na ICANN 79 em Porto Rico Por Nivaldo Cleto* Hoje ocorreu o an\u00fancio oficial do Netmundial+10 ...<br \/><a href=\"https:\/\/nivaldocleto.cnt.br\/blog\/diario-icann-79-dia-5\/\" class=\"_self pt-cv-readmore btn btn-success cvplbd\" target=\"_self\">Leia Mais<\/a><\/div><\/div><\/div>\n<div class=\"col-md-12 col-sm-12 col-xs-12 pt-cv-content-item pt-cv-2-col\"  data-pid=\"2883\"><div class='pt-cv-ifield'><a href=\"https:\/\/nivaldocleto.cnt.br\/blog\/diario-icann-79-dia-4\/\" class=\"_self pt-cv-href-thumbnail pt-cv-thumb-left cvplbd\" target=\"_self\" ><img loading=\"lazy\" decoding=\"async\" width=\"150\" height=\"150\" src=\"https:\/\/nivaldocleto.cnt.br\/blog\/wp-content\/uploads\/2024\/03\/429782906_808956984595036_6937901344051282245_n-150x150.jpg\" class=\"pt-cv-thumbnail img-none pull-left skip-lazy  no-lazyload \" alt=\"Di\u00e1rio ICANN 79 \u2013 dia 4\" \/><\/a>\n<h4 class=\"pt-cv-title\"><a href=\"https:\/\/nivaldocleto.cnt.br\/blog\/diario-icann-79-dia-4\/\" class=\"_self cvplbd\" target=\"_self\" >Di\u00e1rio ICANN 79 \u2013 dia 4<\/a><\/h4>\n<div class=\"pt-cv-content\">Foto - LAC Space (Espa\u00e7o de Trabalho da Am\u00e9rica Latina e do Caribe) durante o ICANN79, onde s\u00e3o abordados diversos ...<br \/><a href=\"https:\/\/nivaldocleto.cnt.br\/blog\/diario-icann-79-dia-4\/\" class=\"_self pt-cv-readmore btn btn-success cvplbd\" target=\"_self\">Leia Mais<\/a><\/div><\/div><\/div>\n<div class=\"col-md-12 col-sm-12 col-xs-12 pt-cv-content-item pt-cv-2-col\"  data-pid=\"2874\"><div class='pt-cv-ifield'><a href=\"https:\/\/nivaldocleto.cnt.br\/blog\/diario-icann-79-dia-3\/\" class=\"_self pt-cv-href-thumbnail pt-cv-thumb-left cvplbd\" target=\"_self\" ><img loading=\"lazy\" decoding=\"async\" width=\"150\" height=\"150\" src=\"https:\/\/nivaldocleto.cnt.br\/blog\/wp-content\/uploads\/2024\/03\/WhatsApp-Image-2024-03-03-at-18.25.41-150x150.jpeg\" class=\"pt-cv-thumbnail img-none pull-left skip-lazy  no-lazyload \" alt=\"Di\u00e1rio ICANN 79 - Dia 3\" \/><\/a>\n<h4 class=\"pt-cv-title\"><a href=\"https:\/\/nivaldocleto.cnt.br\/blog\/diario-icann-79-dia-3\/\" class=\"_self cvplbd\" target=\"_self\" >Di\u00e1rio ICANN 79 &#8211; Dia 3<\/a><\/h4>\n<div class=\"pt-cv-content\">Por Nivaldo Cleto*\u00a0 A plen\u00e1ria principal da ICANN 79 foi a \u201cCommunity Consultation on PICs and RVCs\u201d, um tema importante, ...<br \/><a href=\"https:\/\/nivaldocleto.cnt.br\/blog\/diario-icann-79-dia-3\/\" class=\"_self pt-cv-readmore btn btn-success cvplbd\" target=\"_self\">Leia Mais<\/a><\/div><\/div><\/div>\n<div class=\"col-md-12 col-sm-12 col-xs-12 pt-cv-content-item pt-cv-2-col\"  data-pid=\"2868\"><div class='pt-cv-ifield'><a href=\"https:\/\/nivaldocleto.cnt.br\/blog\/diario-icann-79-dia-2\/\" class=\"_self pt-cv-href-thumbnail pt-cv-thumb-left cvplbd\" target=\"_self\" ><img loading=\"lazy\" decoding=\"async\" width=\"150\" height=\"150\" src=\"https:\/\/nivaldocleto.cnt.br\/blog\/wp-content\/uploads\/2024\/03\/WhatsApp-Image-2024-03-04-at-10.22.06-150x150.jpeg\" class=\"pt-cv-thumbnail img-none pull-left skip-lazy  no-lazyload \" alt=\"Di\u00e1rio ICANN 79 - Dia 2\" \/><\/a>\n<h4 class=\"pt-cv-title\"><a href=\"https:\/\/nivaldocleto.cnt.br\/blog\/diario-icann-79-dia-2\/\" class=\"_self cvplbd\" target=\"_self\" >Di\u00e1rio ICANN 79 &#8211; Dia 2<\/a><\/h4>\n<div class=\"pt-cv-content\">Por Nivaldo Cleto* No segundo dia em San Juan, tivemos uma atualiza\u00e7\u00e3o geral sobre o status dos diversos projetos que ...<br \/><a href=\"https:\/\/nivaldocleto.cnt.br\/blog\/diario-icann-79-dia-2\/\" class=\"_self pt-cv-readmore btn btn-success cvplbd\" target=\"_self\">Leia Mais<\/a><\/div><\/div><\/div>\n<div class=\"col-md-12 col-sm-12 col-xs-12 pt-cv-content-item pt-cv-2-col\"  data-pid=\"2851\"><div class='pt-cv-ifield'><a href=\"https:\/\/nivaldocleto.cnt.br\/blog\/diario-icann-79-dia-1\/\" class=\"_self pt-cv-href-thumbnail pt-cv-thumb-left cvplbd\" target=\"_self\" ><img loading=\"lazy\" decoding=\"async\" width=\"150\" height=\"150\" src=\"https:\/\/nivaldocleto.cnt.br\/blog\/wp-content\/uploads\/2024\/03\/WhatsApp-Image-2024-03-04-at-12.08.16-150x150.jpeg\" class=\"pt-cv-thumbnail img-none pull-left skip-lazy  no-lazyload \" alt=\"Di\u00e1rio ICANN 79 \u2013 Dia 1\" \/><\/a>\n<h4 class=\"pt-cv-title\"><a href=\"https:\/\/nivaldocleto.cnt.br\/blog\/diario-icann-79-dia-1\/\" class=\"_self cvplbd\" target=\"_self\" >Di\u00e1rio ICANN 79 \u2013 Dia 1<\/a><\/h4>\n<div class=\"pt-cv-content\">Por Nivaldo Cleto* Iniciamos mais uma das reuni\u00f5es regulares da ICANN, dessa vez retornando a San Juan, em Puerto Rico ...<br \/><a href=\"https:\/\/nivaldocleto.cnt.br\/blog\/diario-icann-79-dia-1\/\" class=\"_self pt-cv-readmore btn btn-success cvplbd\" target=\"_self\">Leia Mais<\/a><\/div><\/div><\/div><\/div><\/div><\/div>\t\t\t<style type=\"text\/css\" id=\"pt-cv-inline-style-9a9caec78y\">#pt-cv-view-21bcba9u5q .pt-cv-title a, #pt-cv-view-21bcba9u5q  .panel-title { color: #722b2c !important; font-weight: 600 !important; }\n#pt-cv-view-21bcba9u5q .pt-cv-carousel-caption  { background-color: rgba(51,51,51,.6) !important; }\n#pt-cv-view-21bcba9u5q .pt-cv-specialp { background-color: #CC3333 !important }\n#pt-cv-view-21bcba9u5q .pt-cv-specialp * { color: #fff !important; }\n#pt-cv-view-21bcba9u5q .pt-cv-pficon  { color: #bbb !important; }\n#pt-cv-view-21bcba9u5q .pt-cv-readmore  { color: #ffffff !important; background-color: #767c86 !important; }\n#pt-cv-view-21bcba9u5q .pt-cv-readmore:hover  { color: #ffffff !important; background-color: #00aeef !important; }\n#pt-cv-view-21bcba9u5q  + .pt-cv-pagination-wrapper .pt-cv-more , #pt-cv-view-21bcba9u5q  + .pt-cv-pagination-wrapper .pagination .active a { color: #ffffff !important; background-color: #00aeef !important; }<\/style>\r\n\t\t\t\n","protected":false},"excerpt":{"rendered":"","protected":false},"author":1,"featured_media":2862,"comment_status":"closed","ping_status":"closed","sticky":false,"template":"","format":"standard","meta":{"footnotes":""},"categories":[11],"tags":[],"class_list":["post-2861","post","type-post","status-publish","format-standard","has-post-thumbnail","hentry","category-eventos"],"_links":{"self":[{"href":"https:\/\/nivaldocleto.cnt.br\/blog\/wp-json\/wp\/v2\/posts\/2861","targetHints":{"allow":["GET"]}}],"collection":[{"href":"https:\/\/nivaldocleto.cnt.br\/blog\/wp-json\/wp\/v2\/posts"}],"about":[{"href":"https:\/\/nivaldocleto.cnt.br\/blog\/wp-json\/wp\/v2\/types\/post"}],"author":[{"embeddable":true,"href":"https:\/\/nivaldocleto.cnt.br\/blog\/wp-json\/wp\/v2\/users\/1"}],"replies":[{"embeddable":true,"href":"https:\/\/nivaldocleto.cnt.br\/blog\/wp-json\/wp\/v2\/comments?post=2861"}],"version-history":[{"count":1,"href":"https:\/\/nivaldocleto.cnt.br\/blog\/wp-json\/wp\/v2\/posts\/2861\/revisions"}],"predecessor-version":[{"id":2863,"href":"https:\/\/nivaldocleto.cnt.br\/blog\/wp-json\/wp\/v2\/posts\/2861\/revisions\/2863"}],"wp:featuredmedia":[{"embeddable":true,"href":"https:\/\/nivaldocleto.cnt.br\/blog\/wp-json\/wp\/v2\/media\/2862"}],"wp:attachment":[{"href":"https:\/\/nivaldocleto.cnt.br\/blog\/wp-json\/wp\/v2\/media?parent=2861"}],"wp:term":[{"taxonomy":"category","embeddable":true,"href":"https:\/\/nivaldocleto.cnt.br\/blog\/wp-json\/wp\/v2\/categories?post=2861"},{"taxonomy":"post_tag","embeddable":true,"href":"https:\/\/nivaldocleto.cnt.br\/blog\/wp-json\/wp\/v2\/tags?post=2861"}],"curies":[{"name":"wp","href":"https:\/\/api.w.org\/{rel}","templated":true}]}}