{"id":2823,"date":"2024-02-14T00:06:36","date_gmt":"2024-02-14T03:06:36","guid":{"rendered":"http:\/\/nivaldocleto.cnt.br\/blog\/?p=2823"},"modified":"2024-02-14T00:13:28","modified_gmt":"2024-02-14T03:13:28","slug":"fenacon-e-iscap-recebem-empresarios-brasileiros-para-o-programa-internacional-de-gestao-e-inovacao-em-portugal","status":"publish","type":"post","link":"https:\/\/nivaldocleto.cnt.br\/blog\/fenacon-e-iscap-recebem-empresarios-brasileiros-para-o-programa-internacional-de-gestao-e-inovacao-em-portugal\/","title":{"rendered":"FENACON e ISCAP recebem empres\u00e1rios brasileiros para o Programa Internacional de Gest\u00e3o e Inova\u00e7\u00e3o em Portugal"},"content":{"rendered":"<div id=\"fb-root\"><\/div>\n<p>A Federa\u00e7\u00e3o Nacional das Empresas de Servi\u00e7os Cont\u00e1beis e das Empresas de Assessoramento, Per\u00edcias, Informa\u00e7\u00f5es e Pesquisas (FENACON) e o Instituto Superior de Contabilidade e Administra\u00e7\u00e3o do Porto (ISCAP) promoveram, entre os dias 3 e 10 de fevereiro, o Programa Internacional Gest\u00e3o e Inova\u00e7\u00e3o em Empresas de Servi\u00e7os.<\/p>\n<p><img loading=\"lazy\" decoding=\"async\" class=\"wp-image-2824 alignleft\" src=\"http:\/\/nivaldocleto.cnt.br\/blog\/wp-content\/uploads\/2024\/02\/WhatsApp-Image-2024-02-06-at-12.46.40.jpeg\" alt=\"\" width=\"234\" height=\"217\" srcset=\"https:\/\/nivaldocleto.cnt.br\/blog\/wp-content\/uploads\/2024\/02\/WhatsApp-Image-2024-02-06-at-12.46.40.jpeg 695w, https:\/\/nivaldocleto.cnt.br\/blog\/wp-content\/uploads\/2024\/02\/WhatsApp-Image-2024-02-06-at-12.46.40-300x278.jpeg 300w\" sizes=\"auto, (max-width: 234px) 100vw, 234px\" \/>A iniciativa consistiu em uma s\u00e9rie de visitas t\u00e9cnicas, imers\u00e3o cultural e aulas voltadas para o setor de servi\u00e7os, abordando gest\u00e3o empreendedora estrat\u00e9gica, modelo de neg\u00f3cios no exterior, intelig\u00eancia artificial, marketing e comunica\u00e7\u00e3o digital.\u00a0O programa abordou temas como identifica\u00e7\u00e3o de oportunidades de neg\u00f3cios, gest\u00e3o de riscos e m\u00e9tricas de desempenho e promoveu a capacita\u00e7\u00e3o dos empreendedores para a tomada de decis\u00f5es estrat\u00e9gicas que impulsionam o desenvolvimento e a excel\u00eancia operacional nas suas empresas de servi\u00e7os.<\/p>\n<p>&nbsp;<\/p>\n<p>&nbsp;<\/p>\n<p>&nbsp;<\/p>\n<p><img loading=\"lazy\" decoding=\"async\" class=\"wp-image-2826 alignleft\" src=\"http:\/\/nivaldocleto.cnt.br\/blog\/wp-content\/uploads\/2024\/02\/WhatsApp-Image-2024-02-06-at-14.38.59-1.jpeg\" alt=\"\" width=\"258\" height=\"194\" srcset=\"https:\/\/nivaldocleto.cnt.br\/blog\/wp-content\/uploads\/2024\/02\/WhatsApp-Image-2024-02-06-at-14.38.59-1.jpeg 700w, https:\/\/nivaldocleto.cnt.br\/blog\/wp-content\/uploads\/2024\/02\/WhatsApp-Image-2024-02-06-at-14.38.59-1-300x225.jpeg 300w\" sizes=\"auto, (max-width: 258px) 100vw, 258px\" \/><img loading=\"lazy\" decoding=\"async\" class=\"wp-image-2825 alignright\" src=\"http:\/\/nivaldocleto.cnt.br\/blog\/wp-content\/uploads\/2024\/02\/e72262e2-b2c3-4c0b-8661-66382199ee10.jpg\" alt=\"\" width=\"285\" height=\"281\" srcset=\"https:\/\/nivaldocleto.cnt.br\/blog\/wp-content\/uploads\/2024\/02\/e72262e2-b2c3-4c0b-8661-66382199ee10.jpg 693w, https:\/\/nivaldocleto.cnt.br\/blog\/wp-content\/uploads\/2024\/02\/e72262e2-b2c3-4c0b-8661-66382199ee10-300x296.jpg 300w\" sizes=\"auto, (max-width: 285px) 100vw, 285px\" \/><\/p>\n<p>Na ter\u00e7a-feira (06\/02), pela manh\u00e3, Orlando Rua e Ant\u00f3nio Oliveira discutiram o tema \u201cVantagens Competitivas e Diferencia\u00e7\u00e3o em Servi\u00e7os\u201d, proporcionando uma abordagem pr\u00e1tica e abrangente. Os empres\u00e1rios aprenderam a identificar e capitalizar oportunidades \u00fanicas para destacar suas empresas no mercado. \u201cFoi uma troca de experi\u00eancias significativa sobre realidades empresariais e a import\u00e2ncia das estrat\u00e9gias, inova\u00e7\u00e3o e diferencia\u00e7\u00e3o para construir um futuro melhor. Uma honra participar\u201d, comentou o professor Ant\u00f3nio Oliveira.<\/p>\n<p>Na parte da tarde, os participantes visitaram os Laborat\u00f3rios de Simula\u00e7\u00e3o Empresarial do ISCAP, que oferecem suporte \u00e0s atividades do Instituto. Al\u00e9m disso, eles tiveram uma visita t\u00e9cnica \u00e0 GEG \u2013 Engineering Structures for Life, uma empresa internacional de consultoria e projetos de engenharia, conhecida por promover uma cultura de excel\u00eancia, confian\u00e7a e inova\u00e7\u00e3o.<\/p>\n<p>&nbsp;<\/p>\n<p><img loading=\"lazy\" decoding=\"async\" class=\"wp-image-2831 alignleft\" src=\"http:\/\/nivaldocleto.cnt.br\/blog\/wp-content\/uploads\/2024\/02\/WhatsApp-Image-2024-02-07-at-06.41.51.jpeg\" alt=\"\" width=\"296\" height=\"222\" srcset=\"https:\/\/nivaldocleto.cnt.br\/blog\/wp-content\/uploads\/2024\/02\/WhatsApp-Image-2024-02-07-at-06.41.51.jpeg 700w, https:\/\/nivaldocleto.cnt.br\/blog\/wp-content\/uploads\/2024\/02\/WhatsApp-Image-2024-02-07-at-06.41.51-300x225.jpeg 300w\" sizes=\"auto, (max-width: 296px) 100vw, 296px\" \/>Na quarta-feira (7\/2), o Programa Internacional de Gest\u00e3o\u00a0 teve como destaque a aula do professor Marcos Lamas, explorando o tema \u201cIdentifica\u00e7\u00e3o e Uso das Ferramentas de Scale Up \u2013 Inova\u00e7\u00e3o com suporte em tecnologia\u201d.<\/p>\n<p>Os empres\u00e1rios brasileiros compreenderam a import\u00e2ncia de acompanhar as evolu\u00e7\u00f5es tecnol\u00f3gicas e aproveitar ao m\u00e1ximo sua aplica\u00e7\u00e3o no desenvolvimento de novos produtos e servi\u00e7os, bem como a utiliza\u00e7\u00e3o de ferramentas que\u00a0impulsionam a inova\u00e7\u00e3o e a cria\u00e7\u00e3o de valor.<img loading=\"lazy\" decoding=\"async\" class=\"wp-image-2830 alignright\" src=\"http:\/\/nivaldocleto.cnt.br\/blog\/wp-content\/uploads\/2024\/02\/WhatsApp-Image-2024-02-07-at-13.59.02.jpeg\" alt=\"\" width=\"287\" height=\"215\" srcset=\"https:\/\/nivaldocleto.cnt.br\/blog\/wp-content\/uploads\/2024\/02\/WhatsApp-Image-2024-02-07-at-13.59.02.jpeg 700w, https:\/\/nivaldocleto.cnt.br\/blog\/wp-content\/uploads\/2024\/02\/WhatsApp-Image-2024-02-07-at-13.59.02-300x225.jpeg 300w\" sizes=\"auto, (max-width: 287px) 100vw, 287px\" \/><\/p>\n<p>Al\u00e9m disso, o dia incluiu a \u00faltima visita t\u00e9cnica do programa \u00e0 Astrol\u00e1bio, uma empresa de Consultoria de Gest\u00e3o e Forma\u00e7\u00e3o, onde os participantes tiveram a oportunidade de aprender com a apresenta\u00e7\u00e3o de Adriano Fidalgo sobre Gest\u00e3o e Internacionaliza\u00e7\u00e3o.<\/p>\n<p>&nbsp;<\/p>\n<p>Na quinta-feira (08\/02), o Programa Internacional de Gest\u00e3o e Inova\u00e7\u00e3o em Empresas de Servi\u00e7os iniciou o dia com o semin\u00e1rio \u201cMarketing e Comunica\u00e7\u00e3o Digital nas Empresas de Servi\u00e7o\u201d, ministrador por Jorge Pacheco. O tema \u00e9 pertinente para as empresas que desejam conquistar novos clientes e dar visibilidade a sua marca.<\/p>\n<p>Os empres\u00e1rios brasileiros discutiram de forma generalista temas como gest\u00e3o e implementa\u00e7\u00e3o de ferramentas de marketing, bem como sua import\u00e2ncia para a\u00a0apresenta\u00e7\u00e3o da empresa.<\/p>\n<p>Pela tarde, os participantes se reuniram no Restaurante ISCAP, onde trocaram experi\u00eancias e compartilharam conhecimentos.<\/p>\n<p>&nbsp;<\/p>\n<p><img loading=\"lazy\" decoding=\"async\" class=\"aligncenter wp-image-2844\" src=\"http:\/\/nivaldocleto.cnt.br\/blog\/wp-content\/uploads\/2024\/02\/WhatsApp-Image-2024-02-09-at-13.32.30.jpeg\" alt=\"\" width=\"644\" height=\"673\" srcset=\"https:\/\/nivaldocleto.cnt.br\/blog\/wp-content\/uploads\/2024\/02\/WhatsApp-Image-2024-02-09-at-13.32.30.jpeg 899w, https:\/\/nivaldocleto.cnt.br\/blog\/wp-content\/uploads\/2024\/02\/WhatsApp-Image-2024-02-09-at-13.32.30-287x300.jpeg 287w, https:\/\/nivaldocleto.cnt.br\/blog\/wp-content\/uploads\/2024\/02\/WhatsApp-Image-2024-02-09-at-13.32.30-768x802.jpeg 768w\" sizes=\"auto, (max-width: 644px) 100vw, 644px\" \/><\/p>\n<p>Com informa\u00e7\u00f5es da Comunica\u00e7\u00e3o FENACON<\/p>\n<p>Fotos: Divulga\u00e7\u00e3o<\/p>\n\n\t\t<style type=\"text\/css\">\n\t\t\t#gallery-1 {\n\t\t\t\tmargin: auto;\n\t\t\t}\n\t\t\t#gallery-1 .gallery-item {\n\t\t\t\tfloat: left;\n\t\t\t\tmargin-top: 10px;\n\t\t\t\ttext-align: center;\n\t\t\t\twidth: 33%;\n\t\t\t}\n\t\t\t#gallery-1 img {\n\t\t\t\tborder: 2px solid #cfcfcf;\n\t\t\t}\n\t\t\t#gallery-1 .gallery-caption {\n\t\t\t\tmargin-left: 0;\n\t\t\t}\n\t\t\t\/* see gallery_shortcode() in wp-includes\/media.php *\/\n\t\t<\/style>\n\t\t<div id='gallery-1' class='gallery galleryid-2823 gallery-columns-3 gallery-size-thumbnail'><dl class='gallery-item'>\n\t\t\t<dt class='gallery-icon landscape'>\n\t\t\t\t<a href='https:\/\/nivaldocleto.cnt.br\/blog\/fenacon-e-iscap-recebem-empresarios-brasileiros-para-o-programa-internacional-de-gestao-e-inovacao-em-portugal\/whatsapp-image-2024-02-05-at-14-43-19\/'><img loading=\"lazy\" decoding=\"async\" width=\"150\" height=\"150\" src=\"https:\/\/nivaldocleto.cnt.br\/blog\/wp-content\/uploads\/2024\/02\/WhatsApp-Image-2024-02-05-at-14.43.19-150x150.jpeg\" class=\"attachment-thumbnail size-thumbnail\" alt=\"\" \/><\/a>\n\t\t\t<\/dt><\/dl><dl class='gallery-item'>\n\t\t\t<dt class='gallery-icon landscape'>\n\t\t\t\t<a href='https:\/\/nivaldocleto.cnt.br\/blog\/fenacon-e-iscap-recebem-empresarios-brasileiros-para-o-programa-internacional-de-gestao-e-inovacao-em-portugal\/whatsapp-image-2024-02-05-at-14-42-42\/'><img loading=\"lazy\" decoding=\"async\" width=\"150\" height=\"150\" src=\"https:\/\/nivaldocleto.cnt.br\/blog\/wp-content\/uploads\/2024\/02\/WhatsApp-Image-2024-02-05-at-14.42.42-150x150.jpeg\" class=\"attachment-thumbnail size-thumbnail\" alt=\"\" \/><\/a>\n\t\t\t<\/dt><\/dl><dl class='gallery-item'>\n\t\t\t<dt class='gallery-icon landscape'>\n\t\t\t\t<a href='https:\/\/nivaldocleto.cnt.br\/blog\/fenacon-e-iscap-recebem-empresarios-brasileiros-para-o-programa-internacional-de-gestao-e-inovacao-em-portugal\/whatsapp-image-2024-02-05-at-14-42-38-1\/'><img loading=\"lazy\" decoding=\"async\" width=\"150\" height=\"150\" src=\"https:\/\/nivaldocleto.cnt.br\/blog\/wp-content\/uploads\/2024\/02\/WhatsApp-Image-2024-02-05-at-14.42.38-1-150x150.jpeg\" class=\"attachment-thumbnail size-thumbnail\" alt=\"\" \/><\/a>\n\t\t\t<\/dt><\/dl><br style=\"clear: both\" \/><dl class='gallery-item'>\n\t\t\t<dt class='gallery-icon landscape'>\n\t\t\t\t<a href='https:\/\/nivaldocleto.cnt.br\/blog\/fenacon-e-iscap-recebem-empresarios-brasileiros-para-o-programa-internacional-de-gestao-e-inovacao-em-portugal\/whatsapp-image-2024-02-06-at-11-36-57\/'><img loading=\"lazy\" decoding=\"async\" width=\"150\" height=\"150\" src=\"https:\/\/nivaldocleto.cnt.br\/blog\/wp-content\/uploads\/2024\/02\/WhatsApp-Image-2024-02-06-at-11.36.57-150x150.jpeg\" class=\"attachment-thumbnail size-thumbnail\" alt=\"\" \/><\/a>\n\t\t\t<\/dt><\/dl><dl class='gallery-item'>\n\t\t\t<dt class='gallery-icon landscape'>\n\t\t\t\t<a href='https:\/\/nivaldocleto.cnt.br\/blog\/fenacon-e-iscap-recebem-empresarios-brasileiros-para-o-programa-internacional-de-gestao-e-inovacao-em-portugal\/whatsapp-image-2024-02-06-at-14-38-59-1-2\/'><img loading=\"lazy\" decoding=\"async\" width=\"150\" height=\"150\" src=\"https:\/\/nivaldocleto.cnt.br\/blog\/wp-content\/uploads\/2024\/02\/WhatsApp-Image-2024-02-06-at-14.38.59-1-1-150x150.jpeg\" class=\"attachment-thumbnail size-thumbnail\" alt=\"\" \/><\/a>\n\t\t\t<\/dt><\/dl><dl class='gallery-item'>\n\t\t\t<dt class='gallery-icon landscape'>\n\t\t\t\t<a href='https:\/\/nivaldocleto.cnt.br\/blog\/fenacon-e-iscap-recebem-empresarios-brasileiros-para-o-programa-internacional-de-gestao-e-inovacao-em-portugal\/whatsapp-image-2024-02-07-at-11-56-28\/'><img loading=\"lazy\" decoding=\"async\" width=\"150\" height=\"150\" src=\"https:\/\/nivaldocleto.cnt.br\/blog\/wp-content\/uploads\/2024\/02\/WhatsApp-Image-2024-02-07-at-11.56.28-150x150.jpeg\" class=\"attachment-thumbnail size-thumbnail\" alt=\"\" \/><\/a>\n\t\t\t<\/dt><\/dl><br style=\"clear: both\" \/><dl class='gallery-item'>\n\t\t\t<dt class='gallery-icon landscape'>\n\t\t\t\t<a href='https:\/\/nivaldocleto.cnt.br\/blog\/fenacon-e-iscap-recebem-empresarios-brasileiros-para-o-programa-internacional-de-gestao-e-inovacao-em-portugal\/whatsapp-image-2024-02-07-at-16-45-10\/'><img loading=\"lazy\" decoding=\"async\" width=\"150\" height=\"150\" src=\"https:\/\/nivaldocleto.cnt.br\/blog\/wp-content\/uploads\/2024\/02\/WhatsApp-Image-2024-02-07-at-16.45.10-150x150.jpeg\" class=\"attachment-thumbnail size-thumbnail\" alt=\"\" \/><\/a>\n\t\t\t<\/dt><\/dl><dl class='gallery-item'>\n\t\t\t<dt class='gallery-icon landscape'>\n\t\t\t\t<a href='https:\/\/nivaldocleto.cnt.br\/blog\/fenacon-e-iscap-recebem-empresarios-brasileiros-para-o-programa-internacional-de-gestao-e-inovacao-em-portugal\/whatsapp-image-2024-02-07-at-16-53-35\/'><img loading=\"lazy\" decoding=\"async\" width=\"150\" height=\"150\" src=\"https:\/\/nivaldocleto.cnt.br\/blog\/wp-content\/uploads\/2024\/02\/WhatsApp-Image-2024-02-07-at-16.53.35-150x150.jpeg\" class=\"attachment-thumbnail size-thumbnail\" alt=\"\" \/><\/a>\n\t\t\t<\/dt><\/dl><dl class='gallery-item'>\n\t\t\t<dt class='gallery-icon portrait'>\n\t\t\t\t<a href='https:\/\/nivaldocleto.cnt.br\/blog\/fenacon-e-iscap-recebem-empresarios-brasileiros-para-o-programa-internacional-de-gestao-e-inovacao-em-portugal\/whatsapp-image-2024-02-08-at-10-38-15\/'><img loading=\"lazy\" decoding=\"async\" width=\"150\" height=\"150\" src=\"https:\/\/nivaldocleto.cnt.br\/blog\/wp-content\/uploads\/2024\/02\/WhatsApp-Image-2024-02-08-at-10.38.15-150x150.jpeg\" class=\"attachment-thumbnail size-thumbnail\" alt=\"\" \/><\/a>\n\t\t\t<\/dt><\/dl><br style=\"clear: both\" \/><dl class='gallery-item'>\n\t\t\t<dt class='gallery-icon landscape'>\n\t\t\t\t<a href='https:\/\/nivaldocleto.cnt.br\/blog\/fenacon-e-iscap-recebem-empresarios-brasileiros-para-o-programa-internacional-de-gestao-e-inovacao-em-portugal\/whatsapp-image-2024-02-09-at-08-21-24\/'><img loading=\"lazy\" decoding=\"async\" width=\"150\" height=\"150\" src=\"https:\/\/nivaldocleto.cnt.br\/blog\/wp-content\/uploads\/2024\/02\/WhatsApp-Image-2024-02-09-at-08.21.24-150x150.jpeg\" class=\"attachment-thumbnail size-thumbnail\" alt=\"\" \/><\/a>\n\t\t\t<\/dt><\/dl><dl class='gallery-item'>\n\t\t\t<dt class='gallery-icon portrait'>\n\t\t\t\t<a href='https:\/\/nivaldocleto.cnt.br\/blog\/fenacon-e-iscap-recebem-empresarios-brasileiros-para-o-programa-internacional-de-gestao-e-inovacao-em-portugal\/whatsapp-image-2024-02-09-at-08-22-19\/'><img loading=\"lazy\" decoding=\"async\" width=\"150\" height=\"150\" src=\"https:\/\/nivaldocleto.cnt.br\/blog\/wp-content\/uploads\/2024\/02\/WhatsApp-Image-2024-02-09-at-08.22.19-150x150.jpeg\" class=\"attachment-thumbnail size-thumbnail\" alt=\"\" \/><\/a>\n\t\t\t<\/dt><\/dl><dl class='gallery-item'>\n\t\t\t<dt class='gallery-icon landscape'>\n\t\t\t\t<a href='https:\/\/nivaldocleto.cnt.br\/blog\/fenacon-e-iscap-recebem-empresarios-brasileiros-para-o-programa-internacional-de-gestao-e-inovacao-em-portugal\/whatsapp-image-2024-02-09-at-08-22-22\/'><img loading=\"lazy\" decoding=\"async\" width=\"150\" height=\"150\" src=\"https:\/\/nivaldocleto.cnt.br\/blog\/wp-content\/uploads\/2024\/02\/WhatsApp-Image-2024-02-09-at-08.22.22-150x150.jpeg\" class=\"attachment-thumbnail size-thumbnail\" alt=\"\" \/><\/a>\n\t\t\t<\/dt><\/dl><br style=\"clear: both\" \/><dl class='gallery-item'>\n\t\t\t<dt class='gallery-icon portrait'>\n\t\t\t\t<a href='https:\/\/nivaldocleto.cnt.br\/blog\/fenacon-e-iscap-recebem-empresarios-brasileiros-para-o-programa-internacional-de-gestao-e-inovacao-em-portugal\/whatsapp-image-2024-02-09-at-13-32-30\/'><img loading=\"lazy\" decoding=\"async\" width=\"150\" height=\"150\" src=\"https:\/\/nivaldocleto.cnt.br\/blog\/wp-content\/uploads\/2024\/02\/WhatsApp-Image-2024-02-09-at-13.32.30-150x150.jpeg\" class=\"attachment-thumbnail size-thumbnail\" alt=\"\" \/><\/a>\n\t\t\t<\/dt><\/dl>\n\t\t\t<br style='clear: both' \/>\n\t\t<\/div>\n\n","protected":false},"excerpt":{"rendered":"<p>A Federa\u00e7\u00e3o Nacional das Empresas de Servi\u00e7os Cont\u00e1beis e das Empresas de Assessoramento, Per\u00edcias, Informa\u00e7\u00f5es e Pesquisas (FENACON) e o Instituto Superior de Contabilidade e Administra\u00e7\u00e3o do Porto (ISCAP) promoveram, entre os dias 3 e 10 de fevereiro, o Programa Internacional Gest\u00e3o e Inova\u00e7\u00e3o em Empresas de Servi\u00e7os. A iniciativa consistiu em uma s\u00e9rie de visitas t\u00e9cnicas, imers\u00e3o cultural e aulas voltadas para o setor de servi\u00e7os, abordando gest\u00e3o empreendedora estrat\u00e9gica, modelo de neg\u00f3cios no exterior, intelig\u00eancia artificial, marketing e comunica\u00e7\u00e3o digital.\u00a0O programa abordou temas como identifica\u00e7\u00e3o de oportunidades de neg\u00f3cios, gest\u00e3o de riscos e m\u00e9tricas de desempenho e promoveu a capacita\u00e7\u00e3o dos empreendedores para a tomada de decis\u00f5es estrat\u00e9gicas que impulsionam o desenvolvimento e a excel\u00eancia operacional nas suas empresas de servi\u00e7os. &nbsp; &nbsp; &nbsp; Na ter\u00e7a-feira (06\/02), pela manh\u00e3, Orlando Rua e Ant\u00f3nio Oliveira discutiram o tema \u201cVantagens Competitivas e Diferencia\u00e7\u00e3o em Servi\u00e7os\u201d, proporcionando uma abordagem pr\u00e1tica e abrangente. Os empres\u00e1rios aprenderam a identificar e capitalizar oportunidades \u00fanicas para destacar suas empresas no mercado. \u201cFoi uma troca de experi\u00eancias significativa sobre realidades empresariais e a import\u00e2ncia das estrat\u00e9gias, inova\u00e7\u00e3o e diferencia\u00e7\u00e3o para construir um futuro melhor. Uma honra participar\u201d, comentou o professor Ant\u00f3nio Oliveira. Na parte da [&hellip;]<\/p>\n","protected":false},"author":2,"featured_media":2827,"comment_status":"closed","ping_status":"closed","sticky":false,"template":"","format":"standard","meta":{"footnotes":""},"categories":[5],"tags":[],"class_list":["post-2823","post","type-post","status-publish","format-standard","has-post-thumbnail","hentry","category-gestao"],"_links":{"self":[{"href":"https:\/\/nivaldocleto.cnt.br\/blog\/wp-json\/wp\/v2\/posts\/2823","targetHints":{"allow":["GET"]}}],"collection":[{"href":"https:\/\/nivaldocleto.cnt.br\/blog\/wp-json\/wp\/v2\/posts"}],"about":[{"href":"https:\/\/nivaldocleto.cnt.br\/blog\/wp-json\/wp\/v2\/types\/post"}],"author":[{"embeddable":true,"href":"https:\/\/nivaldocleto.cnt.br\/blog\/wp-json\/wp\/v2\/users\/2"}],"replies":[{"embeddable":true,"href":"https:\/\/nivaldocleto.cnt.br\/blog\/wp-json\/wp\/v2\/comments?post=2823"}],"version-history":[{"count":4,"href":"https:\/\/nivaldocleto.cnt.br\/blog\/wp-json\/wp\/v2\/posts\/2823\/revisions"}],"predecessor-version":[{"id":2846,"href":"https:\/\/nivaldocleto.cnt.br\/blog\/wp-json\/wp\/v2\/posts\/2823\/revisions\/2846"}],"wp:featuredmedia":[{"embeddable":true,"href":"https:\/\/nivaldocleto.cnt.br\/blog\/wp-json\/wp\/v2\/media\/2827"}],"wp:attachment":[{"href":"https:\/\/nivaldocleto.cnt.br\/blog\/wp-json\/wp\/v2\/media?parent=2823"}],"wp:term":[{"taxonomy":"category","embeddable":true,"href":"https:\/\/nivaldocleto.cnt.br\/blog\/wp-json\/wp\/v2\/categories?post=2823"},{"taxonomy":"post_tag","embeddable":true,"href":"https:\/\/nivaldocleto.cnt.br\/blog\/wp-json\/wp\/v2\/tags?post=2823"}],"curies":[{"name":"wp","href":"https:\/\/api.w.org\/{rel}","templated":true}]}}