{"id":2532,"date":"2024-01-23T13:16:40","date_gmt":"2024-01-23T16:16:40","guid":{"rendered":"http:\/\/nivaldocleto.cnt.br\/blog\/?p=2532"},"modified":"2024-01-23T13:32:47","modified_gmt":"2024-01-23T16:32:47","slug":"coescap-2024-destaque-para-a-excelencia-empresarial-e-contabil-em-aracaju","status":"publish","type":"post","link":"https:\/\/nivaldocleto.cnt.br\/blog\/coescap-2024-destaque-para-a-excelencia-empresarial-e-contabil-em-aracaju\/","title":{"rendered":"COESCAP 2024: destaque para a excel\u00eancia empresarial e cont\u00e1bil em Aracaju"},"content":{"rendered":"<div id=\"fb-root\"><\/div>\n<p>No \u00faltimo dia 19 de janeiro, Aracaju foi palco do COESCAP 2024, um evento de grande relev\u00e2ncia para o cen\u00e1rio empresarial e cont\u00e1bil. Organizado pelo SESCAP-SE (Sindicato das Empresas de Assessoramento, Per\u00edcias, Informa\u00e7\u00f5es, Pesquisas e de Servi\u00e7os Cont\u00e1beis de Sergipe) o congresso reuniu aproximadamente 300 empres\u00e1rios e profissionais da contabilidade no Centro de Conven\u00e7\u00f5es AM Malls, promovendo um ambiente prop\u00edcio para a troca de conhecimentos e networking.<\/p>\n<h4 class=\"wp-block-heading\"><strong>Diversidade De Temas<\/strong><\/h4>\n<p>O COESCAP 2024 destacou-se pela diversidade e relev\u00e2ncia dos temas abordados em seu ciclo de palestras e debates. Ao longo do evento, foram realizadas 10 apresenta\u00e7\u00f5es, com 14 palestrantes, abrangendo desde quest\u00f5es tribut\u00e1rias e fiscais at\u00e9 as \u00faltimas tend\u00eancias em tecnologia aplicadas \u00e0 contabilidade.<\/p>\n<p style=\"text-align: center;\"><img loading=\"lazy\" decoding=\"async\" class=\"aligncenter wp-image-2533\" src=\"http:\/\/nivaldocleto.cnt.br\/blog\/wp-content\/uploads\/2024\/01\/COESCAP-2024-116.jpg\" alt=\"\" width=\"643\" height=\"361\" srcset=\"https:\/\/nivaldocleto.cnt.br\/blog\/wp-content\/uploads\/2024\/01\/COESCAP-2024-116.jpg 600w, https:\/\/nivaldocleto.cnt.br\/blog\/wp-content\/uploads\/2024\/01\/COESCAP-2024-116-300x169.jpg 300w\" sizes=\"auto, (max-width: 643px) 100vw, 643px\" \/><em>O empres\u00e1rio Nivaldo Cleto realizou a palestra \u201cO que \u00e9 <a class=\"x1i10hfl xjbqb8w x6umtig x1b1mbwd xaqea5y xav7gou x9f619 x1ypdohk xt0psk2 xe8uvvx xdj266r x11i5rnm xat24cr x1mh8g0r xexx8yu x4uap5 x18d9i69 xkhd6sd x16tdsg8 x1hl2dhg xggy1nq x1a2a7pz xt0b8zv x1fey0fg xo1l8bm\" tabindex=\"0\" role=\"link\" href=\"https:\/\/www.facebook.com\/cgi.br?__cft__[0]=AZUZsB6g0UNs_c41zjPG7TgFKUy4ElToFgSbfzqbnsrodvGIRHGTWhiIARMPHznb_rVbWvnmSnmZ5q1UFFHOMEp_32LJu9dhuvuHsucvheeVkM20pf4jEiOPzN6EAs3nlnUiZtDepMrC_1r484x6JV5Qh2Z14P6F_vWqz2Uzm93_LnsZM7Su-ShldXJSSF4gXE0&amp;__tn__=-]K-R\"><span class=\"xt0psk2\">Comit\u00ea Gestor da Internet no Brasil &#8211; CGI.br<\/span><\/a> e como se proteger dos Ataques Cibern\u00e9ticos?\u201d<\/em><\/p>\n<p>&nbsp;<\/p>\n<p>O presidente do Conselho Regional de Contabilidade, Ionas Mariano, valorizou a realiza\u00e7\u00e3o do COESCAP e parabenizou o SESCAP-SE pela volta do evento.<\/p>\n<p>\u201cPara a gente que faz parte do Conselho de Contabilidade, \u00e9 um motivo de muito orgulho estar representando essa classe. Assumimos para o bi\u00eanio 2024-2025, e esperamos contribuir para a classe, que \u00e9 esse nosso objetivo, dar a nossa contribui\u00e7\u00e3o, para que a gente possa desenvolver um trabalho junto com as entidades, em especial o SESCAP-SE, que hoje est\u00e1 promovendo a retomada do COESCAP, que j\u00e1 foi um grande evento no passado e hoje volta na vers\u00e3o de 2024 com a s\u00e9rie de palestras interessantes que v\u00eam agregadas nos empres\u00e1rios cont\u00e1beis e os profissionais que estiveram aqui presente no Centro de Conven\u00e7\u00f5es. Parabenizo o presidente Francinaldo pelo brilhante trabalho que vem desenvolvendo \u00e0 frente do SESCAP-SE e a toda sua diretoria\u201d, afirmou. Entre os palestrantes, renomados especialistas do setor compartilharam suas experi\u00eancias e insights, proporcionando aos participantes uma vis\u00e3o abrangente e atualizada do universo empresarial e cont\u00e1bil. T\u00f3picos como inova\u00e7\u00e3o, transforma\u00e7\u00e3o digital, compliance e estrat\u00e9gias para enfrentar os desafios do mercado foram explorados em detalhes, contribuindo para a forma\u00e7\u00e3o de profissionais mais capacitados e preparados para os desafios contempor\u00e2neos.<\/p>\n<h4 class=\"wp-block-heading\"><strong>Parceria Estrat\u00e9gica Entre SESCAP-SE E FENACON<\/strong><\/h4>\n<p>O presidente Daniel C\u00f4elho destacou a parceria entre a FENACON e o SESCAP-SE. \u201cDepois de 20 anos, o COESCAP volta a ser realizado aqui em Sergipe, um evento importante, que n\u00e3o podem deixar de existir, principalmente nesse estado maravilhoso, com grandes profissionais, o SESCAP-SE vem trazer as tend\u00eancias de mercado, principalmente voltado para a \u00e1rea da presta\u00e7\u00e3o de servi\u00e7os, trazendo informa\u00e7\u00f5es e conhecimentos necess\u00e1rios para os profissionais da regi\u00e3o, que param que eles cres\u00e7am no mercado. E a FENACON, a CNC, junto com as federa\u00e7\u00f5es, est\u00e3o buscando mais competitividade. A FENACON \u00e9 parceira do SESCAP-SE para n\u00e3o somente o evento, mas para todas as a\u00e7\u00f5es, porque \u00e9 importante que as a\u00e7\u00f5es justifiquem a valoriza\u00e7\u00e3o do profissional cont\u00e1bil e da empresa cont\u00e1bil\u201d, comentou o presidente da Federa\u00e7\u00e3o Nacional.<\/p>\n<p><img loading=\"lazy\" decoding=\"async\" class=\"aligncenter wp-image-2534\" src=\"http:\/\/nivaldocleto.cnt.br\/blog\/wp-content\/uploads\/2024\/01\/COESCAP-2024-77.jpg\" alt=\"\" width=\"650\" height=\"365\" srcset=\"https:\/\/nivaldocleto.cnt.br\/blog\/wp-content\/uploads\/2024\/01\/COESCAP-2024-77.jpg 600w, https:\/\/nivaldocleto.cnt.br\/blog\/wp-content\/uploads\/2024\/01\/COESCAP-2024-77-300x169.jpg 300w\" sizes=\"auto, (max-width: 650px) 100vw, 650px\" \/><\/p>\n<h4 class=\"wp-block-heading\">Al\u00e9m Das Palestras E Debates<\/h4>\n<p>Al\u00e9m das palestras e debates, o COESCAP 2024 proporcionou um ambiente prop\u00edcio para o networking entre os participantes. A troca de experi\u00eancias e a oportunidade de estabelecer novos contatos profissionais foram aspectos valorizados pelos presentes, fortalecendo os la\u00e7os entre empresas e profissionais do setor cont\u00e1bil. O presidente do SESCAP-SE, Francinaldo Rodrigues valorizou a realiza\u00e7\u00e3o do evento, retomado ap\u00f3s 20 anos de sua \u00faltima edi\u00e7\u00e3o.<\/p>\n<p>\u201cO COESCAP 2024 em Aracaju foi um marco no calend\u00e1rio de eventos do setor cont\u00e1bil, evidenciando a import\u00e2ncia da atualiza\u00e7\u00e3o constante e da troca de conhecimentos para o sucesso nos neg\u00f3cios. A relev\u00e2ncia do evento consolida um espa\u00e7o privilegiado para a discuss\u00e3o de temas estrat\u00e9gicos e o fortalecimento do setor cont\u00e1bil em Sergipe e no Brasil. O sucesso do COESCAP sinaliza para a continuidade e aprimoramento de iniciativas que contribuam para a excel\u00eancia empresarial e cont\u00e1bil no cen\u00e1rio nacional\u201d, disse.<\/p>\n<p style=\"text-align: center;\"><img loading=\"lazy\" decoding=\"async\" class=\"aligncenter size-full wp-image-2535\" src=\"http:\/\/nivaldocleto.cnt.br\/blog\/wp-content\/uploads\/2024\/01\/WhatsApp-Image-2024-01-19-at-09.25.01.jpeg\" alt=\"\" width=\"600\" height=\"450\" srcset=\"https:\/\/nivaldocleto.cnt.br\/blog\/wp-content\/uploads\/2024\/01\/WhatsApp-Image-2024-01-19-at-09.25.01.jpeg 600w, https:\/\/nivaldocleto.cnt.br\/blog\/wp-content\/uploads\/2024\/01\/WhatsApp-Image-2024-01-19-at-09.25.01-300x225.jpeg 300w\" sizes=\"auto, (max-width: 600px) 100vw, 600px\" \/><em>A partir da esq. Nivaldo Cleto, empres\u00e1rio de contabilidade e de certifica\u00e7\u00e3o digital, conselheiro do Comit\u00ea Gestor da Internet no Brasil CGI.br e membro da ICANN Business Constituency \u2013 BC, e os empres\u00e1rios cont\u00e1beis Daniel Co\u00ealho, presidente da FENACON e Francinaldo Rodrigues Santos, presidente do SESCAP-SE.<\/em><\/p>\n<div style=\"width: 848px;\" class=\"wp-video\"><!--[if lt IE 9]><script>document.createElement('video');<\/script><![endif]-->\n<video class=\"wp-video-shortcode\" id=\"video-2532-1\" width=\"848\" height=\"480\" preload=\"metadata\" controls=\"controls\"><source type=\"video\/mp4\" src=\"http:\/\/nivaldocleto.cnt.br\/blog\/wp-content\/uploads\/2024\/01\/WhatsApp-Video-2024-01-19-at-09.17.14.mp4?_=1\" \/><a href=\"http:\/\/nivaldocleto.cnt.br\/blog\/wp-content\/uploads\/2024\/01\/WhatsApp-Video-2024-01-19-at-09.17.14.mp4\">http:\/\/nivaldocleto.cnt.br\/blog\/wp-content\/uploads\/2024\/01\/WhatsApp-Video-2024-01-19-at-09.17.14.mp4<\/a><\/video><\/div>\n<p><img loading=\"lazy\" decoding=\"async\" class=\"aligncenter size-full wp-image-2537\" src=\"http:\/\/nivaldocleto.cnt.br\/blog\/wp-content\/uploads\/2024\/01\/COESCAP-2024-118.jpg\" alt=\"\" width=\"600\" height=\"337\" srcset=\"https:\/\/nivaldocleto.cnt.br\/blog\/wp-content\/uploads\/2024\/01\/COESCAP-2024-118.jpg 600w, https:\/\/nivaldocleto.cnt.br\/blog\/wp-content\/uploads\/2024\/01\/COESCAP-2024-118-300x169.jpg 300w\" sizes=\"auto, (max-width: 600px) 100vw, 600px\" \/><\/p>\n<p><img loading=\"lazy\" decoding=\"async\" class=\"aligncenter size-full wp-image-2538\" src=\"http:\/\/nivaldocleto.cnt.br\/blog\/wp-content\/uploads\/2024\/01\/COESCAP-2024-118-1.jpg\" alt=\"\" width=\"600\" height=\"337\" srcset=\"https:\/\/nivaldocleto.cnt.br\/blog\/wp-content\/uploads\/2024\/01\/COESCAP-2024-118-1.jpg 600w, https:\/\/nivaldocleto.cnt.br\/blog\/wp-content\/uploads\/2024\/01\/COESCAP-2024-118-1-300x169.jpg 300w\" sizes=\"auto, (max-width: 600px) 100vw, 600px\" \/><\/p>\n<p><img loading=\"lazy\" decoding=\"async\" class=\"aligncenter size-full wp-image-2539\" src=\"http:\/\/nivaldocleto.cnt.br\/blog\/wp-content\/uploads\/2024\/01\/WhatsApp-Image-2024-01-19-at-13.39.38.jpeg\" alt=\"\" width=\"595\" height=\"615\" srcset=\"https:\/\/nivaldocleto.cnt.br\/blog\/wp-content\/uploads\/2024\/01\/WhatsApp-Image-2024-01-19-at-13.39.38.jpeg 595w, https:\/\/nivaldocleto.cnt.br\/blog\/wp-content\/uploads\/2024\/01\/WhatsApp-Image-2024-01-19-at-13.39.38-290x300.jpeg 290w\" sizes=\"auto, (max-width: 595px) 100vw, 595px\" \/><\/p>\n<p style=\"text-align: center;\"><strong>Veja mais fotos do evento clicando aqui:\u00a0<a href=\"https:\/\/photos.app.goo.gl\/G7H6TCqhqHzjSLiHA\" target=\"_blank\" rel=\"noreferrer noopener\">https:\/\/photos.app.goo.gl\/G7H6TCqhqHzjSLiHA<\/a><\/strong><\/p>\n<p>&nbsp;<\/p>\n<p>Com informa\u00e7\u00f5es e fotos do SESCAP-SE<\/p>\n","protected":false},"excerpt":{"rendered":"<p>No \u00faltimo dia 19 de janeiro, Aracaju foi palco do COESCAP 2024, um evento de grande relev\u00e2ncia para o cen\u00e1rio empresarial e cont\u00e1bil. Organizado pelo SESCAP-SE (Sindicato das Empresas de Assessoramento, Per\u00edcias, Informa\u00e7\u00f5es, Pesquisas e de Servi\u00e7os Cont\u00e1beis de Sergipe) o congresso reuniu aproximadamente 300 empres\u00e1rios e profissionais da contabilidade no Centro de Conven\u00e7\u00f5es AM Malls, promovendo um ambiente prop\u00edcio para a troca de conhecimentos e networking. Diversidade De Temas O COESCAP 2024 destacou-se pela diversidade e relev\u00e2ncia dos temas abordados em seu ciclo de palestras e debates. Ao longo do evento, foram realizadas 10 apresenta\u00e7\u00f5es, com 14 palestrantes, abrangendo desde quest\u00f5es tribut\u00e1rias e fiscais at\u00e9 as \u00faltimas tend\u00eancias em tecnologia aplicadas \u00e0 contabilidade. O empres\u00e1rio Nivaldo Cleto realizou a palestra \u201cO que \u00e9 Comit\u00ea Gestor da Internet no Brasil &#8211; CGI.br e como se proteger dos Ataques Cibern\u00e9ticos?\u201d &nbsp; O presidente do Conselho Regional de Contabilidade, Ionas Mariano, valorizou a realiza\u00e7\u00e3o do COESCAP e parabenizou o SESCAP-SE pela volta do evento. \u201cPara a gente que faz parte do Conselho de Contabilidade, \u00e9 um motivo de muito orgulho estar representando essa classe. Assumimos para o bi\u00eanio 2024-2025, e esperamos contribuir para a classe, que \u00e9 esse nosso objetivo, dar [&hellip;]<\/p>\n","protected":false},"author":2,"featured_media":2536,"comment_status":"closed","ping_status":"closed","sticky":false,"template":"","format":"standard","meta":{"footnotes":""},"categories":[5,37],"tags":[],"class_list":["post-2532","post","type-post","status-publish","format-standard","has-post-thumbnail","hentry","category-gestao","category-palestras"],"_links":{"self":[{"href":"https:\/\/nivaldocleto.cnt.br\/blog\/wp-json\/wp\/v2\/posts\/2532","targetHints":{"allow":["GET"]}}],"collection":[{"href":"https:\/\/nivaldocleto.cnt.br\/blog\/wp-json\/wp\/v2\/posts"}],"about":[{"href":"https:\/\/nivaldocleto.cnt.br\/blog\/wp-json\/wp\/v2\/types\/post"}],"author":[{"embeddable":true,"href":"https:\/\/nivaldocleto.cnt.br\/blog\/wp-json\/wp\/v2\/users\/2"}],"replies":[{"embeddable":true,"href":"https:\/\/nivaldocleto.cnt.br\/blog\/wp-json\/wp\/v2\/comments?post=2532"}],"version-history":[{"count":1,"href":"https:\/\/nivaldocleto.cnt.br\/blog\/wp-json\/wp\/v2\/posts\/2532\/revisions"}],"predecessor-version":[{"id":2541,"href":"https:\/\/nivaldocleto.cnt.br\/blog\/wp-json\/wp\/v2\/posts\/2532\/revisions\/2541"}],"wp:featuredmedia":[{"embeddable":true,"href":"https:\/\/nivaldocleto.cnt.br\/blog\/wp-json\/wp\/v2\/media\/2536"}],"wp:attachment":[{"href":"https:\/\/nivaldocleto.cnt.br\/blog\/wp-json\/wp\/v2\/media?parent=2532"}],"wp:term":[{"taxonomy":"category","embeddable":true,"href":"https:\/\/nivaldocleto.cnt.br\/blog\/wp-json\/wp\/v2\/categories?post=2532"},{"taxonomy":"post_tag","embeddable":true,"href":"https:\/\/nivaldocleto.cnt.br\/blog\/wp-json\/wp\/v2\/tags?post=2532"}],"curies":[{"name":"wp","href":"https:\/\/api.w.org\/{rel}","templated":true}]}}