{"id":2495,"date":"2023-10-22T23:14:12","date_gmt":"2023-10-23T02:14:12","guid":{"rendered":"http:\/\/nivaldocleto.cnt.br\/blog\/?p=2495"},"modified":"2023-10-25T23:22:23","modified_gmt":"2023-10-26T02:22:23","slug":"diario-da-icann-78-dia-2","status":"publish","type":"post","link":"https:\/\/nivaldocleto.cnt.br\/blog\/diario-da-icann-78-dia-2\/","title":{"rendered":"Di\u00e1rio da ICANN 78 &#8211; Dia 2"},"content":{"rendered":"<div id=\"fb-root\"><\/div>\n<p>Por Nivaldo Cleto*<strong>\u00a0<\/strong><\/p>\n<p>Neste segundo dia se deu <a href=\"https:\/\/icann78.sched.com\/event\/1T4JG\/geopolitical-legislative-and-regulatory-developments-update\">a sess\u00e3o <\/a>de atualiza\u00e7\u00e3o de assuntos legislativos e regulat\u00f3rios da ICANN, que periodicamente fornece \u00e0 comunidade uma s\u00e9rie de informa\u00e7\u00f5es vindas de todo o mundo que possuem potencial de afetar o fluxo do desenvolvimento de pol\u00edticas da comunidade e de afetar os modelos de neg\u00f3cio das partes contratadas da ICANN.<\/p>\n<p>A inicia\u00e7\u00e3o teve in\u00edcio no tema do processo da ONU de revis\u00e3o do WSIS (<em>World Summit on the Information Society<\/em>, ou C\u00fapula Mundial da Sociedade da Informa\u00e7\u00e3o) em maio de 2024. Esse evento est\u00e1 sendo visto como uma prioridade pela ICANN, j\u00e1 que o WSIS original \u00e9 considerado um dos eventos mais importantes relativos \u00e0 valida\u00e7\u00e3o do modelo multisetorial de governan\u00e7a da Internet. Essa revis\u00e3o decidir\u00e1, entre outras coisas, a continuidade do F\u00f3rum de Governan\u00e7a da Internet (IGF). A ICANN tem feito esfor\u00e7os de engajamento com governos do mundo para refor\u00e7ar a necessidade da preserva\u00e7\u00e3o do modelo multisetorial.<\/p>\n<p>Uma quest\u00e3o importante que emergiu no entorno de outro processo da ONU, o <em>Global Digital Compact<\/em> (GDC, sem tradu\u00e7\u00e3o oficial). Dentro desse processo foi feita uma declara\u00e7\u00e3o de Amandeep Gill, Embaixador de Tecnologia do Secret\u00e1rio-Geral, na qual afirmou que o futuro da governan\u00e7a da Internet se dar\u00e1 dentro de um modelo \u201ctripartite\u201d, na qual existiriam governos, setor privado, e sociedade civil. Isso muda completamente a no\u00e7\u00e3o seguida desde os prim\u00f3rdios da governan\u00e7a, na qual a comunidade t\u00e9cnica \u00e9 um ator distinto. Na vis\u00e3o de Gill, atores como a ICANN e o IETF<a href=\"#_edn1\" name=\"_ednref1\">[i]<\/a> passariam a fazer parte da sociedade civil.<\/p>\n<p>Isso trouxe uma <a href=\"https:\/\/www.icann.org\/en\/blogs\/details\/the-global-digital-compact-a-top-down-attempt-to-minimize-the-role-of-the-technical-community-21-08-2023-en\">resposta forte<\/a> da CEO atuante da ICANN, Sally Costerton, na qual a ICANN condenou a tentativa como uma manobra dos Estados para minimizar o papel da comunidade t\u00e9cnica, posicionando que isso contraria fortemente os princ\u00edpios estabelecidos pelo WSIS e reafirmados pelo WSIS+10. A resposta refor\u00e7ou a import\u00e2ncia da separa\u00e7\u00e3o da comunidade t\u00e9cnica da sociedade civil, em vista de que muitos fazem um papel extremamente t\u00e9cnico do qual as estruturas b\u00e1sicas da Internet dependem, tendo portanto uma vis\u00e3o \u00fanica de v\u00e1rias quest\u00f5es.<\/p>\n<p><img loading=\"lazy\" decoding=\"async\" class=\"size-full wp-image-2497 aligncenter\" src=\"http:\/\/nivaldocleto.cnt.br\/blog\/wp-content\/uploads\/2023\/10\/WhatsApp-Image-2023-10-24-at-09.27.42-Copia.jpeg\" alt=\"\" width=\"599\" height=\"344\" srcset=\"https:\/\/nivaldocleto.cnt.br\/blog\/wp-content\/uploads\/2023\/10\/WhatsApp-Image-2023-10-24-at-09.27.42-Copia.jpeg 599w, https:\/\/nivaldocleto.cnt.br\/blog\/wp-content\/uploads\/2023\/10\/WhatsApp-Image-2023-10-24-at-09.27.42-Copia-300x172.jpeg 300w\" sizes=\"auto, (max-width: 599px) 100vw, 599px\" \/><\/p>\n<p style=\"text-align: center;\"><em>Reuni\u00e3o da Coordena\u00e7\u00e3o do CGI.br com os l\u00edderes da Business Constituency &#8211; Vinicius Santos, Mark Datysgeld, Steve DelBianco, Renata Mieli e Mason Cole<\/em><\/p>\n<p>J\u00e1 no contexto da Uni\u00e3o Europeia, foi destacado <a href=\"https:\/\/data.consilium.europa.eu\/doc\/document\/ST-11088-2023-INIT\/en\/pdf\">o documento<\/a> \u201c<em>EU Council Conclusions on digital diplomacy<\/em>\u201d, no qual a ICANN foi citada diretamente na passagem que diz \u201cReconhecendo a import\u00e2ncia da quest\u00e3o e o cronograma cr\u00edtico dos pr\u00f3ximos processos relacionadas \u00e0 governan\u00e7a da Internet (&#8230;), isso inclui suporte ativo da Internet Corporation for Assigned Names e N\u00fameros (ICANN) em quest\u00f5es de import\u00e2ncia estrat\u00e9gica, como garantir a estabilidade, seguran\u00e7a e interoperabilidade da Internet\u201d. Isso sinaliza uma posi\u00e7\u00e3o favor\u00e1vel da Uni\u00e3o Europ\u00e9ia em rela\u00e7\u00e3o \u00e0 continuidade do trabalho da ICANN dentro de sua estrutura multisetorial.<\/p>\n<p>A Uni\u00e3o Europ\u00e9ia tamb\u00e9m tem mostrado uma forte tend\u00eancia de abra\u00e7ar esfor\u00e7os e f\u00f3runs de padroniza\u00e7\u00e3o, como representado em sua estrat\u00e9gia de padroniza\u00e7\u00e3o de 2022, incentivando uma maior presen\u00e7a de seus representantes em f\u00f3runs como o IETF. Tamb\u00e9m j\u00e1 est\u00e3o olhando para o conceito de \u201cWeb 4.0\u201d e mundos virtuais, trazendo quest\u00f5es de padroniza\u00e7\u00e3o desses mundos futuros para que possam ser abertos e interoper\u00e1veis.<\/p>\n<p>Sobre a regi\u00e3o da \u00c1sia e Pac\u00edfico, tivemos uma atualiza\u00e7\u00e3o geral na qual foram mencionadas prioridades de alguns pa\u00edses. Na Australia existe um ato de privacidade sendo modernizado que podem impactar a comunidade ICANN, em vista de que possui uma maior defini\u00e7\u00e3o de o que \u00e9 uma informa\u00e7\u00e3o pessoal, como se deve lidar com endere\u00e7os de IP, e quest\u00f5es como remo\u00e7\u00e3o de conte\u00fado em 72 horas quando h\u00e1 razoabilidade. Bangladesh ter\u00e1 um novo ato de ciberseguran\u00e7a que pode afetar o n\u00edvel do DNS<a href=\"#_edn2\" name=\"_ednref2\">[ii]<\/a>. Na \u00cdndia, o Digital Personal Data Protection entrou em vigor mas n\u00e3o se sabe seu impacto em nosso trabalho.<\/p>\n<h4 style=\"text-align: center;\"><strong>Entrevista com os coordenadores da Escola da Governan\u00e7a da Internet na Am\u00e9rica Latina, Adrian Carballo e Olga Cavalli<\/strong><\/h4>\n<p><iframe loading=\"lazy\" title=\"Coordenadores da Escola da Governan\u00e7a da Internet na Am\u00e9rica Latina\" width=\"1080\" height=\"608\" src=\"https:\/\/www.youtube.com\/embed\/hj2J25j5U50?feature=oembed\" frameborder=\"0\" allow=\"accelerometer; autoplay; clipboard-write; encrypted-media; gyroscope; picture-in-picture; web-share\" allowfullscreen><\/iframe><\/p>\n<p><em>(*) Nivaldo Cleto \u00e9 empres\u00e1rio de contabilidade e de certifica\u00e7\u00e3o digital, conselheiro do Comit\u00ea Gestor da Internet no Brasil CGI.br e membro da ICANN Business Constituency \u2013 BC<\/em><\/p>\n<hr \/>\n<h6><a href=\"#_ednref1\" name=\"_edn1\">[i]<\/a> A Internet Engineering Task Force (IETF) \u00e9 um grupo auto-organizado de pessoas que contribuem tecnicamente para a arquitetura e evolu\u00e7\u00e3o da Internet e das respectivas tecnologias. \u00c9 a principal organiza\u00e7\u00e3o envolvida no desenvolvimento das novas especifica\u00e7\u00f5es da Internet.<\/h6>\n<h6><a href=\"#_ednref2\" name=\"_edn2\">[ii]<\/a> [i] DNS \u2013 (Domain Name System \u2013 Sistema de nome de dom\u00ednio) converte nomes de dom\u00ednio leg\u00edveis por humanos (por exemplo, www.amazon.com) em endere\u00e7os IP leg\u00edveis por m\u00e1quina (por exemplo, 192.0.2.44).<\/h6>\n","protected":false},"excerpt":{"rendered":"<p>Por Nivaldo Cleto*\u00a0 Neste segundo dia se deu a sess\u00e3o de atualiza\u00e7\u00e3o de assuntos legislativos e regulat\u00f3rios da ICANN, que periodicamente fornece \u00e0 comunidade uma s\u00e9rie de informa\u00e7\u00f5es vindas de todo o mundo que possuem potencial de afetar o fluxo do desenvolvimento de pol\u00edticas da comunidade e de afetar os modelos de neg\u00f3cio das partes contratadas da ICANN. A inicia\u00e7\u00e3o teve in\u00edcio no tema do processo da ONU de revis\u00e3o do WSIS (World Summit on the Information Society, ou C\u00fapula Mundial da Sociedade da Informa\u00e7\u00e3o) em maio de 2024. Esse evento est\u00e1 sendo visto como uma prioridade pela ICANN, j\u00e1 que o WSIS original \u00e9 considerado um dos eventos mais importantes relativos \u00e0 valida\u00e7\u00e3o do modelo multisetorial de governan\u00e7a da Internet. Essa revis\u00e3o decidir\u00e1, entre outras coisas, a continuidade do F\u00f3rum de Governan\u00e7a da Internet (IGF). A ICANN tem feito esfor\u00e7os de engajamento com governos do mundo para refor\u00e7ar a necessidade da preserva\u00e7\u00e3o do modelo multisetorial. Uma quest\u00e3o importante que emergiu no entorno de outro processo da ONU, o Global Digital Compact (GDC, sem tradu\u00e7\u00e3o oficial). Dentro desse processo foi feita uma declara\u00e7\u00e3o de Amandeep Gill, Embaixador de Tecnologia do Secret\u00e1rio-Geral, na qual afirmou que o futuro da governan\u00e7a [&hellip;]<\/p>\n","protected":false},"author":2,"featured_media":2500,"comment_status":"closed","ping_status":"closed","sticky":false,"template":"","format":"standard","meta":{"footnotes":""},"categories":[60],"tags":[],"class_list":["post-2495","post","type-post","status-publish","format-standard","has-post-thumbnail","hentry","category-icann78"],"_links":{"self":[{"href":"https:\/\/nivaldocleto.cnt.br\/blog\/wp-json\/wp\/v2\/posts\/2495","targetHints":{"allow":["GET"]}}],"collection":[{"href":"https:\/\/nivaldocleto.cnt.br\/blog\/wp-json\/wp\/v2\/posts"}],"about":[{"href":"https:\/\/nivaldocleto.cnt.br\/blog\/wp-json\/wp\/v2\/types\/post"}],"author":[{"embeddable":true,"href":"https:\/\/nivaldocleto.cnt.br\/blog\/wp-json\/wp\/v2\/users\/2"}],"replies":[{"embeddable":true,"href":"https:\/\/nivaldocleto.cnt.br\/blog\/wp-json\/wp\/v2\/comments?post=2495"}],"version-history":[{"count":3,"href":"https:\/\/nivaldocleto.cnt.br\/blog\/wp-json\/wp\/v2\/posts\/2495\/revisions"}],"predecessor-version":[{"id":2502,"href":"https:\/\/nivaldocleto.cnt.br\/blog\/wp-json\/wp\/v2\/posts\/2495\/revisions\/2502"}],"wp:featuredmedia":[{"embeddable":true,"href":"https:\/\/nivaldocleto.cnt.br\/blog\/wp-json\/wp\/v2\/media\/2500"}],"wp:attachment":[{"href":"https:\/\/nivaldocleto.cnt.br\/blog\/wp-json\/wp\/v2\/media?parent=2495"}],"wp:term":[{"taxonomy":"category","embeddable":true,"href":"https:\/\/nivaldocleto.cnt.br\/blog\/wp-json\/wp\/v2\/categories?post=2495"},{"taxonomy":"post_tag","embeddable":true,"href":"https:\/\/nivaldocleto.cnt.br\/blog\/wp-json\/wp\/v2\/tags?post=2495"}],"curies":[{"name":"wp","href":"https:\/\/api.w.org\/{rel}","templated":true}]}}