{"id":2403,"date":"2023-06-27T14:19:24","date_gmt":"2023-06-27T17:19:24","guid":{"rendered":"http:\/\/nivaldocleto.cnt.br\/blog\/?p=2403"},"modified":"2023-06-27T14:19:24","modified_gmt":"2023-06-27T17:19:24","slug":"receita-federal-cruza-informacoes-financeiras","status":"publish","type":"post","link":"https:\/\/nivaldocleto.cnt.br\/blog\/receita-federal-cruza-informacoes-financeiras\/","title":{"rendered":"Receita Federal cruza informa\u00e7\u00f5es financeiras"},"content":{"rendered":"<div id=\"fb-root\"><\/div>\n<p class=\"linhadeOlho\"><strong>Empres\u00e1rios devem emitir notas fiscais para evitar riscos fiscais.<\/strong><\/p>\n<div class=\"data\">\n<p>Esta semana, a Receita Federal deu in\u00edcio ao envio, por meio da caixa postal do e-CAC, de uma s\u00e9rie de informa\u00e7\u00f5es e dados para as empresas que optaram pelo lucro presumido e lucro real, a fim de auxili\u00e1-las no processo de elabora\u00e7\u00e3o da ECF. Esta \u00e9 a segunda vez que a Receita Federal realiza essa a\u00e7\u00e3o.<\/p>\n<p>Dentre as diversas informa\u00e7\u00f5es fornecidas pela Receita, est\u00e3o a soma das notas fiscais emitidas e as informa\u00e7\u00f5es transmitidas por meio da EFD-Contribui\u00e7\u00f5es e DCTF. Al\u00e9m disso, a Receita disponibilizou a soma dos recebimentos provenientes de opera\u00e7\u00f5es com cart\u00f5es de cr\u00e9dito e d\u00e9bito, fornecidos pelas administradoras de cart\u00f5es por meio da DECRED (Declara\u00e7\u00e3o de Opera\u00e7\u00f5es com Cart\u00e3o de Cr\u00e9dito).<\/p>\n<p>\u00c9 importante destacar aos empres\u00e1rios que, por meio dessa iniciativa, a Receita Federal demonstra ter acesso a todos os dados dos contribuintes, sejam eles informados diretamente pelo contribuinte ou obtidos por outras fontes, como institui\u00e7\u00f5es financeiras.<\/p>\n<p>A DECRED \u00e9 uma obriga\u00e7\u00e3o acess\u00f3ria que deve ser enviada semestralmente pelas administradoras de cart\u00f5es de cr\u00e9dito, como a Rede e a Cielo, at\u00e9 o \u00faltimo dia \u00fatil de fevereiro para as opera\u00e7\u00f5es do segundo semestre do ano anterior e at\u00e9 o \u00faltimo dia \u00fatil de agosto para as opera\u00e7\u00f5es do primeiro semestre do ano atual.<\/p>\n<p>Nessa declara\u00e7\u00e3o, s\u00e3o informados o total de pagamentos realizados por meio de cart\u00e3o de cr\u00e9dito e d\u00e9bito, bem como os valores repassados pelas administradoras aos estabelecimentos comerciais. Essas informa\u00e7\u00f5es permitem que a Receita identifique ind\u00edcios de sonega\u00e7\u00e3o fiscal ou oculta\u00e7\u00e3o de patrim\u00f4nio e renda.<\/p>\n<p>Diante desse cen\u00e1rio, como contador, recomendo aos empres\u00e1rios, independentemente do porte ou regime tribut\u00e1rio, que legalizem as opera\u00e7\u00f5es realizadas com cart\u00f5es de cr\u00e9dito\/d\u00e9bito e demais recebimentos em conta banc\u00e1ria, como PIX\/TED\/DOC, por meio da emiss\u00e3o adequada de notas fiscais. Dessa forma, o empres\u00e1rio estar\u00e1 protegido em caso de cruzamento entre o valor declarado por ele e as informa\u00e7\u00f5es transmitidas pelas institui\u00e7\u00f5es financeiras.<\/p>\n<p>Fonte: Dicas do Contador<\/p>\n<\/div>\n<div><\/div>\n","protected":false},"excerpt":{"rendered":"<p>Empres\u00e1rios devem emitir notas fiscais para evitar riscos fiscais. Esta semana, a Receita Federal deu in\u00edcio ao envio, por meio da caixa postal do e-CAC, de uma s\u00e9rie de informa\u00e7\u00f5es e dados para as empresas que optaram pelo lucro presumido e lucro real, a fim de auxili\u00e1-las no processo de elabora\u00e7\u00e3o da ECF. Esta \u00e9 a segunda vez que a Receita Federal realiza essa a\u00e7\u00e3o. Dentre as diversas informa\u00e7\u00f5es fornecidas pela Receita, est\u00e3o a soma das notas fiscais emitidas e as informa\u00e7\u00f5es transmitidas por meio da EFD-Contribui\u00e7\u00f5es e DCTF. Al\u00e9m disso, a Receita disponibilizou a soma dos recebimentos provenientes de opera\u00e7\u00f5es com cart\u00f5es de cr\u00e9dito e d\u00e9bito, fornecidos pelas administradoras de cart\u00f5es por meio da DECRED (Declara\u00e7\u00e3o de Opera\u00e7\u00f5es com Cart\u00e3o de Cr\u00e9dito). \u00c9 importante destacar aos empres\u00e1rios que, por meio dessa iniciativa, a Receita Federal demonstra ter acesso a todos os dados dos contribuintes, sejam eles informados diretamente pelo contribuinte ou obtidos por outras fontes, como institui\u00e7\u00f5es financeiras. A DECRED \u00e9 uma obriga\u00e7\u00e3o acess\u00f3ria que deve ser enviada semestralmente pelas administradoras de cart\u00f5es de cr\u00e9dito, como a Rede e a Cielo, at\u00e9 o \u00faltimo dia \u00fatil de fevereiro para as opera\u00e7\u00f5es do segundo semestre do ano anterior e [&hellip;]<\/p>\n","protected":false},"author":2,"featured_media":2404,"comment_status":"closed","ping_status":"closed","sticky":false,"template":"","format":"standard","meta":{"footnotes":""},"categories":[4],"tags":[],"class_list":["post-2403","post","type-post","status-publish","format-standard","has-post-thumbnail","hentry","category-contabilidade"],"_links":{"self":[{"href":"https:\/\/nivaldocleto.cnt.br\/blog\/wp-json\/wp\/v2\/posts\/2403","targetHints":{"allow":["GET"]}}],"collection":[{"href":"https:\/\/nivaldocleto.cnt.br\/blog\/wp-json\/wp\/v2\/posts"}],"about":[{"href":"https:\/\/nivaldocleto.cnt.br\/blog\/wp-json\/wp\/v2\/types\/post"}],"author":[{"embeddable":true,"href":"https:\/\/nivaldocleto.cnt.br\/blog\/wp-json\/wp\/v2\/users\/2"}],"replies":[{"embeddable":true,"href":"https:\/\/nivaldocleto.cnt.br\/blog\/wp-json\/wp\/v2\/comments?post=2403"}],"version-history":[{"count":1,"href":"https:\/\/nivaldocleto.cnt.br\/blog\/wp-json\/wp\/v2\/posts\/2403\/revisions"}],"predecessor-version":[{"id":2405,"href":"https:\/\/nivaldocleto.cnt.br\/blog\/wp-json\/wp\/v2\/posts\/2403\/revisions\/2405"}],"wp:featuredmedia":[{"embeddable":true,"href":"https:\/\/nivaldocleto.cnt.br\/blog\/wp-json\/wp\/v2\/media\/2404"}],"wp:attachment":[{"href":"https:\/\/nivaldocleto.cnt.br\/blog\/wp-json\/wp\/v2\/media?parent=2403"}],"wp:term":[{"taxonomy":"category","embeddable":true,"href":"https:\/\/nivaldocleto.cnt.br\/blog\/wp-json\/wp\/v2\/categories?post=2403"},{"taxonomy":"post_tag","embeddable":true,"href":"https:\/\/nivaldocleto.cnt.br\/blog\/wp-json\/wp\/v2\/tags?post=2403"}],"curies":[{"name":"wp","href":"https:\/\/api.w.org\/{rel}","templated":true}]}}