{"id":2340,"date":"2023-03-27T23:13:50","date_gmt":"2023-03-28T02:13:50","guid":{"rendered":"http:\/\/nivaldocleto.cnt.br\/blog\/?p=2340"},"modified":"2023-03-27T23:21:54","modified_gmt":"2023-03-28T02:21:54","slug":"diario-icann-76-dia-5","status":"publish","type":"post","link":"https:\/\/nivaldocleto.cnt.br\/blog\/diario-icann-76-dia-5\/","title":{"rendered":"Di\u00e1rio ICANN 76 \u2013 Dia 5"},"content":{"rendered":"<div id=\"fb-root\"><\/div>\n<p>Por Nivaldo Cleto*<\/p>\n<p>Nosso relat\u00f3rio final de Canc\u00fan vai abordar a reuni\u00e3o entre as partes contratadas da ICANN (CPH)<a href=\"#_edn1\" name=\"_ednref1\">[i]<\/a> e o grupo de neg\u00f3cios (CSG), no qual foram discutidas as rela\u00e7\u00f5es mais a longo prazo desses grupos, e pudemos contemplar quais ser\u00e3o os pr\u00f3ximos movimentos poss\u00edveis de colabora\u00e7\u00e3o, particularmente dentro do tema do Abuso no DNS<a href=\"#_edn2\" name=\"_ednref2\">[ii]<\/a>.<\/p>\n<p>O interlocutor da CPH, Owen Smigelski, declarou uma inten\u00e7\u00e3o rec\u00edproca a nossa, de acelerar os processos dentro da ICANN em rela\u00e7\u00e3o a quest\u00f5es fundamentais. Lacunas foram encontradas pelo grupo do Conselho do GNSO<a href=\"#_edn3\" name=\"_ednref3\">[iii]<\/a> dedicado a essa tarefa que apontaram uma falta de obriga\u00e7\u00e3o de a\u00e7\u00e3o contra abuso dentro dos acordos j\u00e1 estabelecidos pelas partes contratadas da ICANN.<\/p>\n<p>Com o objetivo de criar um DNS mais seguro, est\u00e3o sendo negociadas altera\u00e7\u00f5es restritas e espec\u00edficas direcionadas a esse problema. Est\u00e3o sendo buscadas obriga\u00e7\u00f5es razo\u00e1veis, alcan\u00e7\u00e1veis e exequ\u00edveis, mas que tenham flexibilidade, pois nem todas as den\u00fancias de abuso s\u00e3o iguais.<\/p>\n<p>Smigelski declarou ser prematuro compartilhar as propostas de altera\u00e7\u00e3o dos contratos sendo negociadas no momento, mas afirmou que ser\u00e3o compartilhadas assim que forem consideradas prontas para consumo, com um per\u00edodo para coment\u00e1rios p\u00fablicos. A meta \u00e9 antes da ICANN 77, que ocorrer\u00e1 em poucos meses.<\/p>\n<p>A Business Constituency (BC)<a href=\"#_edn4\" name=\"_ednref4\">[iv]<\/a> comentou sobre uma quest\u00e3o levantada previamente, na qual uma das integrantes do Conselho Diretor da ICANN sobre o potencial do grupo de neg\u00f3cio querer aumentar o escopo do que j\u00e1 foi definido. A BC reiterou que n\u00e3o \u00e9 o caso, e que nossa prioridade \u00e9 a de garantir a seguran\u00e7a dos neg\u00f3cios e consumidores do mundo.<\/p>\n<p>Owen citou que h\u00e1 cerca de 450 votos separados necess\u00e1rios do lado da CPH, e eles pr\u00f3prios est\u00e3o tentando aprender o que \u00e9 necess\u00e1rio para coordenar e comunicar essas quest\u00f5es entre eles, para chegar a um consenso interno.<\/p>\n<p>O Chair da BC, Mason Cole, articulou que quer dissipar os temores de uma inten\u00e7\u00e3o de aumento do escopo das negocia\u00e7\u00f5es, pois fomos claros em nossa comunica\u00e7\u00e3o e pretendemos manter nossa palavra de que nosso interesse em atualiza\u00e7\u00f5es de contrato est\u00e1 estritamente relacionado, e apenas relacionado, \u00e0 mitiga\u00e7\u00e3o de abuso.<\/p>\n<p>O Conselheiro da BC, Mark Datysgeld, reiterou que a inten\u00e7\u00e3o \u00e9 a de estabelecer um piso m\u00ednimo aqui, um ponto de partida para garantias b\u00e1sicas. Ouvimos de mais de um membro do CPH que h\u00e1 expectativas de trabalho futuro de desenvolvimento de pol\u00edticas que podem surgir disso \u2013 queremos incentivar essa comunica\u00e7\u00e3o de inten\u00e7\u00f5es e criar oportunidades de colabora\u00e7\u00e3o no desenvolvimento de metas.<\/p>\n<p>A diretora das partes de propriedade intelectual, Lori Schulman, declarou muita satisfa\u00e7\u00e3o com esse engajamento, e ser\u00e1 ainda mais valioso nos pr\u00f3ximos 18 meses, com mudan\u00e7as na diretoria e a entrada da nova CEO.<\/p>\n<p>Foi manifestado um desejo m\u00fatuo da CPH, e as partes concordaram na necessidade de replicar esses encontros, possivelmente em todas as tr\u00eas reuni\u00f5es fixas da ICANN ao longo do ano, pois assim se diminui a percep\u00e7\u00e3o de dist\u00e2ncia e a comunica\u00e7\u00e3o \u00e9 mais clara.<\/p>\n<p>Estamos ansiosos para os desdobramentos dessa negocia\u00e7\u00e3o, e notificaremos a respeito nos di\u00e1rios da ICANN 77.<\/p>\n<p>Tamb\u00e9m tive a oportunidade de conhecer o novo Chair do GAC o Paraguaio Nicolas Caballero, que ter\u00e1 um mandato at\u00e9 mar\u00e7o de 2025.<\/p>\n<p><iframe loading=\"lazy\" title=\"ICANN 76 -  Nicolas Caballero,  novo Chair do GAC\" width=\"1080\" height=\"608\" src=\"https:\/\/www.youtube.com\/embed\/o1RDtBHA5Cw?feature=oembed\" frameborder=\"0\" allow=\"accelerometer; autoplay; clipboard-write; encrypted-media; gyroscope; picture-in-picture; web-share\" allowfullscreen><\/iframe><\/p>\n<p>&nbsp;<\/p>\n<p><strong>Divis\u00e3o regional dos 1.204 participantes presenciais de 164 pa\u00edses:<\/strong><\/p>\n<ul>\n<li>\u00c1frica \u2013 71 (5,9%)<\/li>\n<li>\u00c1sia, Austr\u00e1lia e Ilhas do Pac\u00edfico \u2013 165 (13,7%)<\/li>\n<li>Europa \u2013 259 (21,5%)<\/li>\n<li>Am\u00e9rica Latina e Caribe \u2013 306 (25,4%)<\/li>\n<li>Am\u00e9rica do Norte \u2013 403 (33,5%)<\/li>\n<\/ul>\n<p><img loading=\"lazy\" decoding=\"async\" class=\"alignnone size-full wp-image-2341 aligncenter\" src=\"http:\/\/nivaldocleto.cnt.br\/blog\/wp-content\/uploads\/2023\/03\/Imagem-do-WhatsApp-de-2023-03-27-\u00e0s-13.15.54.jpg\" alt=\"\" width=\"1023\" height=\"894\" srcset=\"https:\/\/nivaldocleto.cnt.br\/blog\/wp-content\/uploads\/2023\/03\/Imagem-do-WhatsApp-de-2023-03-27-\u00e0s-13.15.54.jpg 1023w, https:\/\/nivaldocleto.cnt.br\/blog\/wp-content\/uploads\/2023\/03\/Imagem-do-WhatsApp-de-2023-03-27-\u00e0s-13.15.54-300x262.jpg 300w, https:\/\/nivaldocleto.cnt.br\/blog\/wp-content\/uploads\/2023\/03\/Imagem-do-WhatsApp-de-2023-03-27-\u00e0s-13.15.54-768x671.jpg 768w\" sizes=\"auto, (max-width: 1023px) 100vw, 1023px\" \/><\/p>\n<p style=\"text-align: center;\">Comunidade brasileira na ICANN76 em\u00a0Canc\u00fan<\/p>\n<p>&nbsp;<\/p>\n<p><strong>Para quem quiser entender melhor sobre o que \u00e9 a ICANN e sua estrutura, veja o v\u00eddeo abaixo.<\/strong><\/p>\n<p><iframe loading=\"lazy\" title=\"Introduction to ICANN\" width=\"1080\" height=\"810\" src=\"https:\/\/www.youtube.com\/embed\/WCwhlnQoM7Y?feature=oembed\" frameborder=\"0\" allow=\"accelerometer; autoplay; clipboard-write; encrypted-media; gyroscope; picture-in-picture; web-share\" allowfullscreen><\/iframe><\/p>\n<p>&nbsp;<\/p>\n<p><strong>Rodada de inscri\u00e7\u00f5es para bolsas ICANN78 j\u00e1 est\u00e1 aberta<\/strong><\/p>\n<p>A Corpora\u00e7\u00e3o da Internet para Atribui\u00e7\u00e3o de Nomes e N\u00fameros (ICANN) est\u00e1 com as inscri\u00e7\u00f5es abertas para o Programa de Bolsas da ICANN para a Assembleia Geral Anual da ICANN78, que acontecer\u00e1 em Hamburgo, Alemanha, de 21 a 26 de outubro de 2023. O prazo de inscri\u00e7\u00e3o \u00e9 31 de mar\u00e7o de 2023, 23:59 UTC. Se a ICANN78 for realizada virtualmente, o Programa de Bolsas tamb\u00e9m ser\u00e1 realizado virtualmente.<\/p>\n<p>Os candidatos aprovados ser\u00e3o anunciados em 27 de junho de 2023 no site da ICANN.<\/p>\n<p><em>Sobre o Programa de Bolsas da ICANN<\/em><br \/>\nO Programa de Bolsas da ICANN busca indiv\u00edduos interessados ou j\u00e1 engajados nos v\u00e1rios aspectos do trabalho da ICANN, como a formula\u00e7\u00e3o de pol\u00edticas, a opera\u00e7\u00e3o do Sistema de Nomes de Dom\u00ednio e a seguran\u00e7a e estabilidade da Internet global. O objetivo do Programa de Bolsas da ICANN \u00e9 fortalecer a diversidade do modelo multissetorial, criando oportunidades para que indiv\u00edduos de comunidades carentes e sub-representadas se tornem participantes ativos da comunidade da ICANN.<\/p>\n<p>Para obter mais informa\u00e7\u00f5es sobre o programa e como se inscrever, visite <a href=\"https:\/\/www.icann.org\/en\/announcements\/details\/icann78-fellowship-application-round-now-open-01-03-2023-en\">aqui<\/a> p\u00e1gina do Programa de Bolsas.<\/p>\n<p>&nbsp;<\/p>\n<p><strong>Na reuni\u00e3o da <span class=\"xt0psk2\">ICANN<\/span> 76 conversamos com Demi Getschko, diretor-presidente do <span class=\"xt0psk2\">N\u00facleo de Informa\u00e7\u00e3o e Coordena\u00e7\u00e3o do Ponto BR &#8211; NIC.br<\/span><\/strong><\/p>\n<p><iframe loading=\"lazy\" title=\"ICANN 76 - Entrevista com Demi Getschko\" width=\"1080\" height=\"608\" src=\"https:\/\/www.youtube.com\/embed\/FJ7tbqhiQ3I?feature=oembed\" frameborder=\"0\" allow=\"accelerometer; autoplay; clipboard-write; encrypted-media; gyroscope; picture-in-picture; web-share\" allowfullscreen><\/iframe><\/p>\n<p>&nbsp;<\/p>\n<div class=\"x11i5rnm xat24cr x1mh8g0r x1vvkbs xdj266r x126k92a\">\n<div dir=\"auto\"><strong>Tamb\u00e9m conversamos com o CEO da <span class=\"xt0psk2\">ICANN<\/span> para a Am\u00e9rica Latina e Caribe, <span class=\"xt0psk2\">Rodrigo De La Parra<\/span>, que fez um panorama do evento.<\/strong><\/div>\n<div dir=\"auto\"><\/div>\n<\/div>\n<div dir=\"auto\">\n<p><iframe loading=\"lazy\" title=\"Entrevista com o Anfitri\u00e3o Rodrigo De L\u00e1 Parra, diretor da ICANN para a Am\u00e9rica Latina e Caribe\" width=\"1080\" height=\"608\" src=\"https:\/\/www.youtube.com\/embed\/NVitMDECvYk?start=106&#038;feature=oembed\" frameborder=\"0\" allow=\"accelerometer; autoplay; clipboard-write; encrypted-media; gyroscope; picture-in-picture; web-share\" allowfullscreen><\/iframe><\/p>\n<\/div>\n<p>&nbsp;<\/p>\n<p><em>(*) Nivaldo Cleto \u00e9 empres\u00e1rio de contabilidade e de certifica\u00e7\u00e3o digital, conselheiro do Comit\u00ea Gestor da Internet no Brasil CGI.br e membro da ICANN Business Constituency \u2013 BC<\/em><\/p>\n<hr \/>\n<p><a href=\"#_ednref1\" name=\"_edn1\">[i]<\/a> A Contracted Party House (CPH) \u00e9 um comit\u00ea da ICANN (Internet Corporation for Assigned Names and Numbers) que representa as partes contratantes que assinaram um contrato com a ICANN para gerenciar dom\u00ednios de topo de n\u00edvel (TLDs), como .com, .org, .net, entre outros.\u00a0A CPH \u00e9 respons\u00e1vel por desenvolver pol\u00edticas e diretrizes relacionadas \u00e0 opera\u00e7\u00e3o dos TLDs. As pol\u00edticas que a CPH desenvolve s\u00e3o submetidas ao Conselho da ICANN para aprova\u00e7\u00e3o e implementa\u00e7\u00e3o.\u00a0Al\u00e9m disso, a CPH tamb\u00e9m \u00e9 respons\u00e1vel por revisar e fornecer feedback sobre as propostas de mudan\u00e7a de pol\u00edticas da ICANN que afetam as partes contratantes e os TLDs que gerenciam.<\/p>\n<p>Os membros da CPH s\u00e3o indicados pelos operadores de TLDs e incluem representantes de diferentes regi\u00f5es do mundo. A CPH \u00e9 uma das partes interessadas importantes na governan\u00e7a da Internet e trabalha em conjunto com outras partes interessadas, incluindo a comunidade de usu\u00e1rios da Internet, para desenvolver pol\u00edticas e diretrizes que visem promover a estabilidade, seguran\u00e7a e seguran\u00e7a da Internet. interoperabilidade do sistema de nomes de dom\u00ednio (DNS).<\/p>\n<p><a href=\"#_ednref2\" name=\"_edn2\">[ii]<\/a> DNS \u2013 (Domain Name System \u2013 Sistema de nome de dom\u00ednio) converte nomes de dom\u00ednio leg\u00edveis por humanos (por exemplo, www.amazon.com) em endere\u00e7os IP leg\u00edveis por m\u00e1quina (por exemplo, 192.0.2.44).<\/p>\n<p><a href=\"#_ednref3\" name=\"_edn3\">[iii]<\/a> The Generic Names Supporting Organization (GNSO) \u00e9 um \u00f3rg\u00e3o de desenvolvimento de pol\u00edticas respons\u00e1vel por desenvolver e recomendar \u00e0 Diretoria da ICANN pol\u00edticas substantivas relacionadas a dom\u00ednios gen\u00e9ricos de primeiro n\u00edvel (gTLDs).<\/p>\n<p><a href=\"#_ednref4\" name=\"_edn4\">[iv]<\/a> O Grupo Constituinte de Usu\u00e1rios Comerciais de Neg\u00f3cios (tamb\u00e9m conhecido como Grupo Constituinte de Neg\u00f3cios, ou BC) representa os usu\u00e1rios comerciais da Internet. O Grupo Constituinte de Neg\u00f3cios \u00e9 um dos Grupos Constituintes dentro do Grupo de Partes Interessadas Comerciais (CSG).<\/p>\n<p>&nbsp;<\/p>\n<p>&nbsp;<\/p>\n","protected":false},"excerpt":{"rendered":"<p>Por Nivaldo Cleto* Nosso relat\u00f3rio final de Canc\u00fan vai abordar a reuni\u00e3o entre as partes contratadas da ICANN (CPH)[i] e o grupo de neg\u00f3cios (CSG), no qual foram discutidas as rela\u00e7\u00f5es mais a longo prazo desses grupos, e pudemos contemplar quais ser\u00e3o os pr\u00f3ximos movimentos poss\u00edveis de colabora\u00e7\u00e3o, particularmente dentro do tema do Abuso no DNS[ii]. O interlocutor da CPH, Owen Smigelski, declarou uma inten\u00e7\u00e3o rec\u00edproca a nossa, de acelerar os processos dentro da ICANN em rela\u00e7\u00e3o a quest\u00f5es fundamentais. Lacunas foram encontradas pelo grupo do Conselho do GNSO[iii] dedicado a essa tarefa que apontaram uma falta de obriga\u00e7\u00e3o de a\u00e7\u00e3o contra abuso dentro dos acordos j\u00e1 estabelecidos pelas partes contratadas da ICANN. Com o objetivo de criar um DNS mais seguro, est\u00e3o sendo negociadas altera\u00e7\u00f5es restritas e espec\u00edficas direcionadas a esse problema. Est\u00e3o sendo buscadas obriga\u00e7\u00f5es razo\u00e1veis, alcan\u00e7\u00e1veis e exequ\u00edveis, mas que tenham flexibilidade, pois nem todas as den\u00fancias de abuso s\u00e3o iguais. Smigelski declarou ser prematuro compartilhar as propostas de altera\u00e7\u00e3o dos contratos sendo negociadas no momento, mas afirmou que ser\u00e3o compartilhadas assim que forem consideradas prontas para consumo, com um per\u00edodo para coment\u00e1rios p\u00fablicos. A meta \u00e9 antes da ICANN 77, que ocorrer\u00e1 em poucos meses. [&hellip;]<\/p>\n","protected":false},"author":2,"featured_media":2342,"comment_status":"closed","ping_status":"closed","sticky":false,"template":"","format":"standard","meta":{"footnotes":""},"categories":[57],"tags":[],"class_list":["post-2340","post","type-post","status-publish","format-standard","has-post-thumbnail","hentry","category-icann-76"],"_links":{"self":[{"href":"https:\/\/nivaldocleto.cnt.br\/blog\/wp-json\/wp\/v2\/posts\/2340","targetHints":{"allow":["GET"]}}],"collection":[{"href":"https:\/\/nivaldocleto.cnt.br\/blog\/wp-json\/wp\/v2\/posts"}],"about":[{"href":"https:\/\/nivaldocleto.cnt.br\/blog\/wp-json\/wp\/v2\/types\/post"}],"author":[{"embeddable":true,"href":"https:\/\/nivaldocleto.cnt.br\/blog\/wp-json\/wp\/v2\/users\/2"}],"replies":[{"embeddable":true,"href":"https:\/\/nivaldocleto.cnt.br\/blog\/wp-json\/wp\/v2\/comments?post=2340"}],"version-history":[{"count":4,"href":"https:\/\/nivaldocleto.cnt.br\/blog\/wp-json\/wp\/v2\/posts\/2340\/revisions"}],"predecessor-version":[{"id":2346,"href":"https:\/\/nivaldocleto.cnt.br\/blog\/wp-json\/wp\/v2\/posts\/2340\/revisions\/2346"}],"wp:featuredmedia":[{"embeddable":true,"href":"https:\/\/nivaldocleto.cnt.br\/blog\/wp-json\/wp\/v2\/media\/2342"}],"wp:attachment":[{"href":"https:\/\/nivaldocleto.cnt.br\/blog\/wp-json\/wp\/v2\/media?parent=2340"}],"wp:term":[{"taxonomy":"category","embeddable":true,"href":"https:\/\/nivaldocleto.cnt.br\/blog\/wp-json\/wp\/v2\/categories?post=2340"},{"taxonomy":"post_tag","embeddable":true,"href":"https:\/\/nivaldocleto.cnt.br\/blog\/wp-json\/wp\/v2\/tags?post=2340"}],"curies":[{"name":"wp","href":"https:\/\/api.w.org\/{rel}","templated":true}]}}