{"id":2315,"date":"2023-03-13T00:13:27","date_gmt":"2023-03-13T03:13:27","guid":{"rendered":"http:\/\/nivaldocleto.cnt.br\/blog\/?p=2315"},"modified":"2023-03-15T14:10:44","modified_gmt":"2023-03-15T17:10:44","slug":"diario-icann-76-dia-2","status":"publish","type":"post","link":"https:\/\/nivaldocleto.cnt.br\/blog\/diario-icann-76-dia-2\/","title":{"rendered":"Di\u00e1rio ICANN 76 \u2013 Dia 2"},"content":{"rendered":"<div id=\"fb-root\"><\/div>\n<p>Por Nivaldo Cleto*<\/p>\n<p>Nosso segundo di\u00e1rio da ICANN 76 vai tratar de uma importante quest\u00e3o para os empres\u00e1rios, que \u00e9 o conjunto de discuss\u00f5es no entorno da nova legisla\u00e7\u00e3o da Uni\u00e3o Europeia que trata de quest\u00f5es digitais, a NIS2 (<em>Network and Information Security 2<\/em>), que altera a maneira de interpretar e reagir a quest\u00f5es de ciberseguran\u00e7a no territ\u00f3rio da EU. A comunidade da ICANN<a href=\"#_edn1\" name=\"_ednref1\">[i]<\/a> busca entender quais s\u00e3o as poss\u00edveis consequ\u00eancias dessa lei para o mundo dos nomes de dom\u00ednio, e quais mudan\u00e7as dever\u00e3o ser feitas como consequ\u00eancia.<\/p>\n<p>Durante a sess\u00e3o direcionada ao tema, se mencionou que o NIS2 n\u00e3o \u00e9 apenas uma diretiva de nomes de dom\u00ednios, mas sim algo que cobre uma ampla faixa de infraestrutura cibern\u00e9tica cr\u00edtica, ent\u00e3o uma interpreta\u00e7\u00e3o mais clara \u00e9 necess\u00e1ria. Haver\u00e1 novas obriga\u00e7\u00f5es relacionadas \u00e0 coleta e manuten\u00e7\u00e3o de dados de registro de nomes de dom\u00ednio precisos\/completos. Deve ser publicado pelo menos o nome e o n\u00famero de telefone e fornecer acesso a dados de registro de nome de dom\u00ednio espec\u00edficos para solicita\u00e7\u00f5es legais e fundamentadas de buscadores de acesso leg\u00edtimos.<\/p>\n<p>Elena Plexida (ICANN) afirmou que os estados membros devem transpor a diretiva para suas leis at\u00e9 outubro de 2024, e \u00e9 esperado que a parte dos dados de registro gerar\u00e1 o maior debate. A Comiss\u00e3o deve especificar medidas de gerenciamento de riscos de seguran\u00e7a cibern\u00e9tica, relatando obriga\u00e7\u00f5es para provedores de DNS <a href=\"#_edn2\" name=\"_ednref2\">[ii]<\/a>e registros de TLD<a href=\"#_edn3\" name=\"_ednref3\">[iii]<\/a>.<\/p>\n<p>Thomas Rickert (Conselho do GNSO<a href=\"#_edn4\" name=\"_ednref4\">[iv]<\/a>) explicou que esta \u00e9 uma diretriz, n\u00e3o um regulamento. N\u00e3o sabemos como cada legislador nacional interpretar\u00e1 isso; podemos acabar com tantos requisitos nacionais diferentes quantos os membros da UE. H\u00e1 partes significativas do NIS2 que ser\u00e3o deixadas \u00e0 interpreta\u00e7\u00e3o da legislatura de cada Estado Membro da EU, e que a comunidade da ICANN deve se unir em suas mensagens relativas \u00e0 NIS2 para garantir que aqueles que v\u00e3o receber esses coment\u00e1rios recebam uma interpreta\u00e7\u00e3o clara.<\/p>\n<p>Michael Palage (RySG) e Lori Schulman (INTA) fizeram coment\u00e1rios pedindo uma participa\u00e7\u00e3o mais ampla na interpreta\u00e7\u00e3o do NIS2, mas ressaltaram que, em \u00faltimo caso, a comunidade multissetorial deve estar unida por tr\u00e1s de suas mensagens e interpreta\u00e7\u00e3o do NIS2 para orientar cada um dos 27 estados membros da UE em sua transcri\u00e7\u00e3o para a lei nacional.<\/p>\n<p>Thomas Rickert notou que existe o risco de os legisladores nacionais dizerem que os ccTLDs (TLDs de pa\u00edses) est\u00e3o indo bem e em conformidade, e solicitar que os gTLDs<a href=\"#_edn5\" name=\"_ednref5\">[v]<\/a> (TLDs gen\u00e9ricos) funcionem sob os mesmos padr\u00f5es rigorosos. Afirmou ser necess\u00e1rio garantir que a comunidade da ICANN permane\u00e7a unida para que a viabilidade desse modelo siga intacta.<\/p>\n<p>De modo geral, entendemos que este esfor\u00e7o talvez n\u00e3o seja t\u00e3o significativo quanto o que ocorreu no caso do Regulamento Geral sobre a Prote\u00e7\u00e3o de Dados (GDPR), mas ainda assim existe uma quest\u00e3o significativa que pode afetar diversos aspectos da opera\u00e7\u00e3o normal da ICANN e dos atores envolvidos nela.<\/p>\n<p><strong>Reuni\u00e3o LAC SPACE<\/strong><\/p>\n<p>Outro importante encontro foi com os Latinos-Americanos e Caribenhos, no LAC SPACE, reuni\u00e3o com os membros da regi\u00e3o para debater os principais temas de interesse para o cont\u00ednuo desenvolvimento da internet. Nessa reuni\u00e3o coordenada pelo anfitri\u00e3o Rodrigo de La Parra, Vice-Presidente Regional da ICANN para a Am\u00e9rica Latina e Caribe, foi proposto uma reuni\u00e3o em pequenos grupos representantes de cada regi\u00e3o para propor mudan\u00e7as a serem implementadas com o apoio da ICANN nas pol\u00edticas que beneficiariam a LAC.<\/p>\n<p><img loading=\"lazy\" decoding=\"async\" class=\"size-full wp-image-2321 aligncenter\" src=\"http:\/\/nivaldocleto.cnt.br\/blog\/wp-content\/uploads\/2023\/03\/WhatsApp-Image-2023-03-14-at-11.06.57-Copia-2.jpeg\" alt=\"\" width=\"700\" height=\"374\" srcset=\"https:\/\/nivaldocleto.cnt.br\/blog\/wp-content\/uploads\/2023\/03\/WhatsApp-Image-2023-03-14-at-11.06.57-Copia-2.jpeg 700w, https:\/\/nivaldocleto.cnt.br\/blog\/wp-content\/uploads\/2023\/03\/WhatsApp-Image-2023-03-14-at-11.06.57-Copia-2-300x160.jpeg 300w\" sizes=\"auto, (max-width: 700px) 100vw, 700px\" \/><\/p>\n<p>Um dos grupos foi formado por brasileiros (Tanara Lauchner, Fl\u00e1vio Wagner, Percival Henriques, Everton Rodrigues, Bruna Toso, Vin\u00edcius Santos, Marvin de Souza, Rubens Kurl e eu, os quais, ap\u00f3s o debate, coordenado pelo representante da ICANN na Am\u00e9rica Latina, Daniel Fink (veja entrevista abaixo) apresentaram as seguintes propostas:<\/p>\n<ul>\n<li>Disponibilidade de l\u00ednguas da regi\u00e3o ainda \u00e9 limitada dentro da ICANN, \u00e9 necess\u00e1rio ampliar tradu\u00e7\u00f5es das sess\u00f5es, sendo que hoje somente as sess\u00f5es plen\u00e1rias contam com a tradu\u00e7\u00e3o em seis idiomas, incluindo o portugu\u00eas.<\/li>\n<li>Necessidade da cria\u00e7\u00e3o de pol\u00edticas de inclus\u00e3o em posi\u00e7\u00f5es de lideran\u00e7a, com, por exemplo, com a amplia\u00e7\u00e3o significativa de programas de capacita\u00e7\u00e3o em portugu\u00eas ou espanhol<\/li>\n<li>Cria\u00e7\u00e3o de programas de mentoria regionais sobre as oportunidades que a ICANN proporciona<\/li>\n<li>Estabelecer parcerias com atores estrat\u00e9gicos para ampliar o envolvimento de pessoas da regi\u00e3o na comunidade<\/li>\n<li>Fazer uma gest\u00e3o dos fundos do \u201cAuction Proceeds\u201d (Receitas dos Leil\u00f5es de Dom\u00ednios Gen\u00e9ricos), direcionada para as demandas da regi\u00e3o, em especial para aumentar a participa\u00e7\u00e3o de jovens e a revitaliza\u00e7\u00e3o de participantes regionais na comunidade.<\/li>\n<li>Necessidade de ampliar a participa\u00e7\u00e3o de pessoas sediadas na regi\u00e3o no staff da ICANN<\/li>\n<li>Proposta a amplia\u00e7\u00e3o de espa\u00e7os f\u00edsicos com atua\u00e7\u00e3o regional voltada para engajamento e evangeliza\u00e7\u00e3o dos benef\u00edcios que a ICANN proporciona \u00e0 comunidade, como a amplia\u00e7\u00e3o do escrit\u00f3rio de Montevid\u00e9u<\/li>\n<\/ul>\n<p>Essas propostas, juntamente com as demais geradas nos Grupos de Trabalho da regi\u00e3o, foram entregues \u00e0 lideran\u00e7a da ICANN para iniciar um trabalho que possam ter continuidade e desenvolvimento de projetos que atendam \u00e0s principais reivindica\u00e7\u00f5es.<\/p>\n<p>Isso ainda ser\u00e1 debatido durante essa semana com as lideran\u00e7as da ICANN na Am\u00e9rica Latina e Caribe.<\/p>\n<p>&nbsp;<\/p>\n<p style=\"text-align: center;\"><strong>Entrevista com Daniel Fink, representante da ICANN na Am\u00e9rica Latina<\/strong><\/p>\n<p><iframe loading=\"lazy\" title=\"Entrevista com Daniel Fink, representante da ICANN na Am\u00e9rica Latina\" width=\"1080\" height=\"608\" src=\"https:\/\/www.youtube.com\/embed\/uku3mo6zdcs?feature=oembed\" frameborder=\"0\" allow=\"accelerometer; autoplay; clipboard-write; encrypted-media; gyroscope; picture-in-picture; web-share\" allowfullscreen><\/iframe><\/p>\n<p>&nbsp;<\/p>\n<p>(*) Nivaldo Cleto \u00e9 empres\u00e1rio de contabilidade e de certifica\u00e7\u00e3o digital, conselheiro do Comit\u00ea Gestor da Internet no Brasil CGI.br e membro da ICANN Business Constituency \u2013 BC<\/p>\n<p>&nbsp;<\/p>\n<hr \/>\n<p><a href=\"#_ednref1\" name=\"_edn1\">[i]<\/a> Criada em 1998, a ICANN teve sua primeira reuni\u00e3o em Cingapura em 1999 e, a partir dali, faz tr\u00eas reuni\u00f5es por ano. Duas foram no Brasil: a ICANN-16, no Rio de Janeiro, e a ICANN-27 em S\u00e3o Paulo. \u00c9 uma organiza\u00e7\u00e3o sem fins lucrativos, sediada em Los Angeles (EUA), que tem como fun\u00e7\u00e3o prec\u00edpua cuidar da raiz de \u201cnomes\u201d da internet (que ancora os \u201cdom\u00ednios de topo\u201d como .com, .net, .org, .br), e tamb\u00e9m distribuir a numera\u00e7\u00e3o IP (Internet Protocol) a regi\u00f5es e pa\u00edses, que depois os repassam a entidades. Entre os dom\u00ednios de topo, h\u00e1 os de \u201cc\u00f3digo de pa\u00eds\u201d, como o .br (Brasil) e mais algumas centenas; e os \u201cgen\u00e9ricos\u201d, .com, .net e mais uns milhares. Importante diferen\u00e7a em sua caracteriza\u00e7\u00e3o: enquanto muitos dos \u201cde pa\u00eds\u201d s\u00e3o anteriores \u00e0 ICANN e s\u00e3o operados sem fins de lucro gozando de autonomia, os \u201cgen\u00e9ricos\u201d t\u00eam contrato com ICANN e s\u00e3o, em geral, operados por institui\u00e7\u00f5es comerciais.<\/p>\n<p>A ICANN \u00e9 uma organiza\u00e7\u00e3o multissetorial: dela participam diversos segmentos da internet, da \u00e1rea t\u00e9cnica, de organiza\u00e7\u00f5es de usu\u00e1rios, do terceiro setor e de representantes de governos. T\u00f3picos recorrentes nas \u00faltimas reuni\u00f5es t\u00eam sido o debate sobre necessidade de haver mais dom\u00ednios do tipo gen\u00e9rico (e como isso seria vi\u00e1vel de modo seguro), e formas de se combater o abuso de estruturas da internet como o DNS (Domain Name System, o sistema hier\u00e1rquico de nomes). O .br vai bem nesse ponto: mesmo sendo um dom\u00ednio com mais de 5 milh\u00f5es de registros, est\u00e1 entre os mais seguros. Suas regras de registro t\u00eam se mantido constantes, fi\u00e9is aos princ\u00edpios originais da internet, e \u00e9 restrito a quem possui CPF ou CNPJ, portanto limitando seus registrantes a quem t\u00eam rela\u00e7\u00e3o com o Pa\u00eds. (Fonte: Demi Getschko)<\/p>\n<p><a href=\"#_ednref2\" name=\"_edn2\">[ii]<\/a> DNS \u2013 (Domain Name System \u2013 Sistema de nome de dom\u00ednio) converte nomes de dom\u00ednio leg\u00edveis por humanos (por exemplo, www.amazon.com) em endere\u00e7os IP leg\u00edveis por m\u00e1quina (por exemplo, 192.0.2.44).<\/p>\n<p><a href=\"#_ednref3\" name=\"_edn3\">[iii]<\/a> TLD \u2013 Top Level Domain, \u00e9 uma parte do endere\u00e7o de um site que vem logo ap\u00f3s o \u00faltimo ponto da URL. Exemplos: .globo .rio .bradesco .bar .net .natura .ltda .rest. .etc<\/p>\n<p><a href=\"#_ednref4\" name=\"_edn4\">[iv]<\/a> The Generic Names Supporting Organization (GNSO) \u00e9 um \u00f3rg\u00e3o de desenvolvimento de pol\u00edticas respons\u00e1vel por desenvolver e recomendar \u00e0 Diretoria da ICANN pol\u00edticas substantivas relacionadas a dom\u00ednios gen\u00e9ricos de primeiro n\u00edvel (gTLDs).<\/p>\n<p><a href=\"#_ednref5\" name=\"_edn5\">[v]<\/a> gTLD (Generic Top Level Domain ) &#8211; Tipo mais b\u00e1sico de extens\u00e3o de dom\u00ednio, e tamb\u00e9m o primeiro a ser criado. Significa em portugu\u00eas Dom\u00ednio de N\u00edvel de Topo Gen\u00e9rico, e \u00e9 utilizado na hospedagem da maioria dos sites.<\/p>\n","protected":false},"excerpt":{"rendered":"<p>Por Nivaldo Cleto* Nosso segundo di\u00e1rio da ICANN 76 vai tratar de uma importante quest\u00e3o para os empres\u00e1rios, que \u00e9 o conjunto de discuss\u00f5es no entorno da nova legisla\u00e7\u00e3o da Uni\u00e3o Europeia que trata de quest\u00f5es digitais, a NIS2 (Network and Information Security 2), que altera a maneira de interpretar e reagir a quest\u00f5es de ciberseguran\u00e7a no territ\u00f3rio da EU. A comunidade da ICANN[i] busca entender quais s\u00e3o as poss\u00edveis consequ\u00eancias dessa lei para o mundo dos nomes de dom\u00ednio, e quais mudan\u00e7as dever\u00e3o ser feitas como consequ\u00eancia. Durante a sess\u00e3o direcionada ao tema, se mencionou que o NIS2 n\u00e3o \u00e9 apenas uma diretiva de nomes de dom\u00ednios, mas sim algo que cobre uma ampla faixa de infraestrutura cibern\u00e9tica cr\u00edtica, ent\u00e3o uma interpreta\u00e7\u00e3o mais clara \u00e9 necess\u00e1ria. Haver\u00e1 novas obriga\u00e7\u00f5es relacionadas \u00e0 coleta e manuten\u00e7\u00e3o de dados de registro de nomes de dom\u00ednio precisos\/completos. Deve ser publicado pelo menos o nome e o n\u00famero de telefone e fornecer acesso a dados de registro de nome de dom\u00ednio espec\u00edficos para solicita\u00e7\u00f5es legais e fundamentadas de buscadores de acesso leg\u00edtimos. Elena Plexida (ICANN) afirmou que os estados membros devem transpor a diretiva para suas leis at\u00e9 outubro de 2024, e \u00e9 [&hellip;]<\/p>\n","protected":false},"author":2,"featured_media":2317,"comment_status":"closed","ping_status":"closed","sticky":false,"template":"","format":"standard","meta":{"footnotes":""},"categories":[57],"tags":[],"class_list":["post-2315","post","type-post","status-publish","format-standard","has-post-thumbnail","hentry","category-icann-76"],"_links":{"self":[{"href":"https:\/\/nivaldocleto.cnt.br\/blog\/wp-json\/wp\/v2\/posts\/2315","targetHints":{"allow":["GET"]}}],"collection":[{"href":"https:\/\/nivaldocleto.cnt.br\/blog\/wp-json\/wp\/v2\/posts"}],"about":[{"href":"https:\/\/nivaldocleto.cnt.br\/blog\/wp-json\/wp\/v2\/types\/post"}],"author":[{"embeddable":true,"href":"https:\/\/nivaldocleto.cnt.br\/blog\/wp-json\/wp\/v2\/users\/2"}],"replies":[{"embeddable":true,"href":"https:\/\/nivaldocleto.cnt.br\/blog\/wp-json\/wp\/v2\/comments?post=2315"}],"version-history":[{"count":5,"href":"https:\/\/nivaldocleto.cnt.br\/blog\/wp-json\/wp\/v2\/posts\/2315\/revisions"}],"predecessor-version":[{"id":2323,"href":"https:\/\/nivaldocleto.cnt.br\/blog\/wp-json\/wp\/v2\/posts\/2315\/revisions\/2323"}],"wp:featuredmedia":[{"embeddable":true,"href":"https:\/\/nivaldocleto.cnt.br\/blog\/wp-json\/wp\/v2\/media\/2317"}],"wp:attachment":[{"href":"https:\/\/nivaldocleto.cnt.br\/blog\/wp-json\/wp\/v2\/media?parent=2315"}],"wp:term":[{"taxonomy":"category","embeddable":true,"href":"https:\/\/nivaldocleto.cnt.br\/blog\/wp-json\/wp\/v2\/categories?post=2315"},{"taxonomy":"post_tag","embeddable":true,"href":"https:\/\/nivaldocleto.cnt.br\/blog\/wp-json\/wp\/v2\/tags?post=2315"}],"curies":[{"name":"wp","href":"https:\/\/api.w.org\/{rel}","templated":true}]}}