{"id":2204,"date":"2022-12-03T01:03:59","date_gmt":"2022-12-03T04:03:59","guid":{"rendered":"http:\/\/nivaldocleto.cnt.br\/blog\/?p=2204"},"modified":"2022-12-07T12:37:25","modified_gmt":"2022-12-07T15:37:25","slug":"igf-2022-termina-na-etiopia-com-a-maior-delegacao-brasileira-em-igfs-fora-do-brasil","status":"publish","type":"post","link":"https:\/\/nivaldocleto.cnt.br\/blog\/igf-2022-termina-na-etiopia-com-a-maior-delegacao-brasileira-em-igfs-fora-do-brasil\/","title":{"rendered":"17\u00ba IGF termina na Eti\u00f3pia com a maior delega\u00e7\u00e3o brasileira em edi\u00e7\u00f5es fora do Brasil"},"content":{"rendered":"<div id=\"fb-root\"><\/div>\n<p>Por Nivaldo Cleto*<\/p>\n<p>Chegou ao fim, na \u00faltima sexta-feira (02\/12), o 17\u00ba F\u00f3rum de Governan\u00e7a da Internet, realizado em Addis Abeba, na Eti\u00f3pia. Foram 5 dias de relevantes debates para a inclus\u00e3o e diversidade no espa\u00e7o digital mundial, com representantes de 170 pa\u00edses e mais de 5.000 participantes presenciais e online.<\/p>\n<p>O principal tema do evento \u201cInternet resiliente para um futuro compartilhado sustent\u00e1vel e comum\u201d trouxe as discuss\u00f5es sobre como conectar uma popula\u00e7\u00e3o de 2,7 bilh\u00f5es que est\u00e1 fora do universo digital, com seguran\u00e7a e garantia de respeito aos direitos humanos fundamentais.<\/p>\n<p>Esta premissa foi guiada por cinco temas extra\u00eddos do Pacto Digital Global no Relat\u00f3rio Nossa Agenda Comum do Secret\u00e1rio-Geral da ONU: Conectando todas as pessoas e protegendo os direitos humanos; Evitando a Fragmenta\u00e7\u00e3o da Internet; Governando dados e protegendo a privacidade; Habilitando seguran\u00e7a, prote\u00e7\u00e3o e responsabilidade e Abordando tecnologias avan\u00e7adas, incluindo IA.<\/p>\n<p>O Comit\u00ea Gestor da Internet no Brasil (CGI.br) e o N\u00facleo de Informa\u00e7\u00e3o e Coordena\u00e7\u00e3o do Ponto BR (NIC.br) fizeram parte destas discuss\u00f5es de forma h\u00edbrida, com a participa\u00e7\u00e3o de brasileiros por meio de um \u201cHub\u201d na sede do NIC.br em S\u00e3o Paulo e em pain\u00e9is presenciais no IGF na Eti\u00f3pia.<\/p>\n<p><img loading=\"lazy\" decoding=\"async\" class=\"size-full wp-image-2206 aligncenter\" src=\"http:\/\/nivaldocleto.cnt.br\/blog\/wp-content\/uploads\/2022\/12\/Imagem-do-WhatsApp-de-2022-12-01-10.02.02-Copia.jpg\" alt=\"\" width=\"595\" height=\"524\" srcset=\"https:\/\/nivaldocleto.cnt.br\/blog\/wp-content\/uploads\/2022\/12\/Imagem-do-WhatsApp-de-2022-12-01-10.02.02-Copia.jpg 595w, https:\/\/nivaldocleto.cnt.br\/blog\/wp-content\/uploads\/2022\/12\/Imagem-do-WhatsApp-de-2022-12-01-10.02.02-Copia-300x264.jpg 300w\" sizes=\"auto, (max-width: 595px) 100vw, 595px\" \/><\/p>\n<p style=\"text-align: center;\"><em>Hub na sede do NIC.br em S\u00e3o Paulo<\/em><\/p>\n<p>&nbsp;<\/p>\n<p><img loading=\"lazy\" decoding=\"async\" class=\"size-full wp-image-2207 aligncenter\" src=\"http:\/\/nivaldocleto.cnt.br\/blog\/wp-content\/uploads\/2022\/12\/Imagem-do-de-2022-12-01-\u00e0s-11.17.31.jpg\" alt=\"\" width=\"588\" height=\"768\" srcset=\"https:\/\/nivaldocleto.cnt.br\/blog\/wp-content\/uploads\/2022\/12\/Imagem-do-de-2022-12-01-\u00e0s-11.17.31.jpg 588w, https:\/\/nivaldocleto.cnt.br\/blog\/wp-content\/uploads\/2022\/12\/Imagem-do-de-2022-12-01-\u00e0s-11.17.31-230x300.jpg 230w\" sizes=\"auto, (max-width: 588px) 100vw, 588px\" \/><\/p>\n<p style=\"text-align: center;\"><em>Alguns representantes do CGI.br em painel do IGF<\/em><\/p>\n<p>O F\u00f3rum destacou a \u00c1frica, que \u00e9 a regi\u00e3o menos conectada do mundo, com 60% da popula\u00e7\u00e3o offline. Visando um futuro digital melhor que ofere\u00e7a espa\u00e7o para todos participarem, o IGF deste ano viu um aumento na representa\u00e7\u00e3o do Sul Global, com 44% dos participantes vindos da \u00c1frica. Falando em nome do pa\u00eds anfitri\u00e3o, Demeke Mekonnen Hassen, vice-primeiro-ministro da Eti\u00f3pia e ministro das Rela\u00e7\u00f5es Exteriores, disse: \u201cA Eti\u00f3pia persistiu em sua busca pela prosperidade e na constru\u00e7\u00e3o de uma economia digital\u201d. A crescente popula\u00e7\u00e3o jovem do continente \u00e9 a chave para transformar o futuro digital da regi\u00e3o.<\/p>\n<p>As interliga\u00e7\u00f5es entre os 17 Objetivos de Desenvolvimento Sustent\u00e1vel e todas as facetas da governan\u00e7a do espa\u00e7o digital ficaram evidentes nas mais de 300 sess\u00f5es que aconteceram ao longo da semana do evento. Mais de 45 entidades do sistema da ONU, incluindo os Chefes de Comunica\u00e7\u00f5es Globais e do Escrit\u00f3rio de Direitos Humanos, e o Enviado da ONU para Tecnologia deram seu apoio nos di\u00e1logos e delibera\u00e7\u00f5es do IGF que informar\u00e3o o processo de desenvolvimento do Pacto Digital Global.<\/p>\n<p>As mensagens do IGF de Adis Abeba resumem as prioridades urgentes e recomenda\u00e7\u00f5es acion\u00e1veis de governos, setor privado, sociedade civil e outras partes interessadas para um futuro digital seguro, sustent\u00e1vel e inclusivo.<\/p>\n<p>&nbsp;<\/p>\n<h4 style=\"text-align: center;\"><strong>Confira a fala de Jos\u00e9 Gontijo, Coordenador do Comit\u00ea Gestor da Internet no Brasil (CGI.br), durante o painel &#8220;Global AI Governance for Sustainable Developmen&#8221;<\/strong><\/h4>\n<p><iframe loading=\"lazy\" title=\"IGF 2022 \u2013 Fala de Jos\u00e9 Gontijo, Coordenador do CGI.br\" width=\"1080\" height=\"608\" src=\"https:\/\/www.youtube.com\/embed\/aytwEiEp_gg?feature=oembed\" frameborder=\"0\" allow=\"accelerometer; autoplay; clipboard-write; encrypted-media; gyroscope; picture-in-picture\" allowfullscreen><\/iframe><\/p>\n<p>&nbsp;<\/p>\n<h4 style=\"text-align: center;\">Bia Barbosa, representante do Terceiro Setor no CGI.br fala sobre o comunicado que foi divulgado ao final do IGF.<\/h4>\n<p><iframe loading=\"lazy\" title=\"IGF 2022 - Bia Barbosa, conselheira representante do Terceiro Setor no CGI.br\" width=\"1080\" height=\"608\" src=\"https:\/\/www.youtube.com\/embed\/s_As2MeZ6Mg?feature=oembed\" frameborder=\"0\" allow=\"accelerometer; autoplay; clipboard-write; encrypted-media; gyroscope; picture-in-picture\" allowfullscreen><\/iframe><\/p>\n<p style=\"text-align: center;\"><strong>Para acompanhar todas as discuss\u00f5es do IGF, acesse:<\/strong><\/p>\n<p style=\"text-align: center;\"><a href=\"https:\/\/www.youtube.com\/igf\">https:\/\/www.youtube.com\/igf<\/a><\/p>\n<h3><strong>Sobre o IGF<\/strong><\/h3>\n<p>O F\u00f3rum de Governan\u00e7a da Internet ( IGF ) \u00e9 uma plataforma multissetorial global que facilita discuss\u00f5es sobre quest\u00f5es de pol\u00edticas p\u00fablicas relacionadas \u00e0 governan\u00e7a da Internet. O IGF foi um dos resultados mais importantes da C\u00fapula Mundial das Na\u00e7\u00f5es Unidas sobre a Sociedade da Informa\u00e7\u00e3o ( CMSI ), que encarregou o Secret\u00e1rio-Geral das Na\u00e7\u00f5es Unidas de convocar formalmente o F\u00f3rum.<\/p>\n<p>Institucionalmente, o IGF \u00e9 apoiado pelo Secretariado do IGF , administrado pelo Departamento de Assuntos Econ\u00f4micos e Sociais da ONU (DESA) , enquanto o programa da reuni\u00e3o anual do IGF \u00e9 desenvolvido pelo Multistakeholder Advisory Group (MAG) .<\/p>\n<p>O Painel de Lideran\u00e7a nomeado pelo Secret\u00e1rio-Geral promove estrategicamente maior impacto e dissemina\u00e7\u00e3o das discuss\u00f5es do IGF .<\/p>\n<p>Dentro da estrutura de trabalho intersessional e reuni\u00f5es anuais do IGF , as partes interessadas provenientes de todas as disciplinas (por exemplo, governos, setor privado, sociedade civil e comunidades t\u00e9cnicas) e de todas as partes do mundo est\u00e3o discutindo pol\u00edticas digitais p\u00fablicas, estabelecendo redes e trocando as melhores pr\u00e1ticas para uma Internet aberta, mais segura e acess\u00edvel para todos.<\/p>\n<p>&nbsp;<\/p>\n<p><em>(Boletim com informa\u00e7\u00f5es do IGF)<\/em><\/p>\n<p>(*) Nivaldo Cleto \u00e9 empres\u00e1rio de contabilidade e de certifica\u00e7\u00e3o digital, conselheiro do Comit\u00ea Gestor da Internet no Brasil CGI.br e membro da ICANN Business Constituency \u2013 BC<\/p>\n","protected":false},"excerpt":{"rendered":"<p>Por Nivaldo Cleto* Chegou ao fim, na \u00faltima sexta-feira (02\/12), o 17\u00ba F\u00f3rum de Governan\u00e7a da Internet, realizado em Addis Abeba, na Eti\u00f3pia. Foram 5 dias de relevantes debates para a inclus\u00e3o e diversidade no espa\u00e7o digital mundial, com representantes de 170 pa\u00edses e mais de 5.000 participantes presenciais e online. O principal tema do evento \u201cInternet resiliente para um futuro compartilhado sustent\u00e1vel e comum\u201d trouxe as discuss\u00f5es sobre como conectar uma popula\u00e7\u00e3o de 2,7 bilh\u00f5es que est\u00e1 fora do universo digital, com seguran\u00e7a e garantia de respeito aos direitos humanos fundamentais. Esta premissa foi guiada por cinco temas extra\u00eddos do Pacto Digital Global no Relat\u00f3rio Nossa Agenda Comum do Secret\u00e1rio-Geral da ONU: Conectando todas as pessoas e protegendo os direitos humanos; Evitando a Fragmenta\u00e7\u00e3o da Internet; Governando dados e protegendo a privacidade; Habilitando seguran\u00e7a, prote\u00e7\u00e3o e responsabilidade e Abordando tecnologias avan\u00e7adas, incluindo IA. O Comit\u00ea Gestor da Internet no Brasil (CGI.br) e o N\u00facleo de Informa\u00e7\u00e3o e Coordena\u00e7\u00e3o do Ponto BR (NIC.br) fizeram parte destas discuss\u00f5es de forma h\u00edbrida, com a participa\u00e7\u00e3o de brasileiros por meio de um \u201cHub\u201d na sede do NIC.br em S\u00e3o Paulo e em pain\u00e9is presenciais no IGF na Eti\u00f3pia. Hub na sede do [&hellip;]<\/p>\n","protected":false},"author":2,"featured_media":2205,"comment_status":"closed","ping_status":"closed","sticky":false,"template":"","format":"standard","meta":{"footnotes":""},"categories":[54],"tags":[],"class_list":["post-2204","post","type-post","status-publish","format-standard","has-post-thumbnail","hentry","category-igf-2022"],"_links":{"self":[{"href":"https:\/\/nivaldocleto.cnt.br\/blog\/wp-json\/wp\/v2\/posts\/2204","targetHints":{"allow":["GET"]}}],"collection":[{"href":"https:\/\/nivaldocleto.cnt.br\/blog\/wp-json\/wp\/v2\/posts"}],"about":[{"href":"https:\/\/nivaldocleto.cnt.br\/blog\/wp-json\/wp\/v2\/types\/post"}],"author":[{"embeddable":true,"href":"https:\/\/nivaldocleto.cnt.br\/blog\/wp-json\/wp\/v2\/users\/2"}],"replies":[{"embeddable":true,"href":"https:\/\/nivaldocleto.cnt.br\/blog\/wp-json\/wp\/v2\/comments?post=2204"}],"version-history":[{"count":7,"href":"https:\/\/nivaldocleto.cnt.br\/blog\/wp-json\/wp\/v2\/posts\/2204\/revisions"}],"predecessor-version":[{"id":2214,"href":"https:\/\/nivaldocleto.cnt.br\/blog\/wp-json\/wp\/v2\/posts\/2204\/revisions\/2214"}],"wp:featuredmedia":[{"embeddable":true,"href":"https:\/\/nivaldocleto.cnt.br\/blog\/wp-json\/wp\/v2\/media\/2205"}],"wp:attachment":[{"href":"https:\/\/nivaldocleto.cnt.br\/blog\/wp-json\/wp\/v2\/media?parent=2204"}],"wp:term":[{"taxonomy":"category","embeddable":true,"href":"https:\/\/nivaldocleto.cnt.br\/blog\/wp-json\/wp\/v2\/categories?post=2204"},{"taxonomy":"post_tag","embeddable":true,"href":"https:\/\/nivaldocleto.cnt.br\/blog\/wp-json\/wp\/v2\/tags?post=2204"}],"curies":[{"name":"wp","href":"https:\/\/api.w.org\/{rel}","templated":true}]}}