{"id":2188,"date":"2022-12-01T16:41:21","date_gmt":"2022-12-01T19:41:21","guid":{"rendered":"http:\/\/nivaldocleto.cnt.br\/blog\/?p=2188"},"modified":"2022-12-07T12:37:46","modified_gmt":"2022-12-07T15:37:46","slug":"igf-2022-evitando-a-fragmentacao-da-internet","status":"publish","type":"post","link":"https:\/\/nivaldocleto.cnt.br\/blog\/igf-2022-evitando-a-fragmentacao-da-internet\/","title":{"rendered":"IGF 2022: Evitando a Fragmenta\u00e7\u00e3o da Internet"},"content":{"rendered":"<div id=\"fb-root\"><\/div>\n<p>Por Nivaldo Cleto*<\/p>\n<p>Na quarta-feira (30\/11), durante o F\u00f3rum de Governan\u00e7a da Internet (IGF), em Addis Abeba, Eti\u00f3pia, destacamos a sess\u00e3o \u201c<a href=\"https:\/\/www.intgovforum.org\/en\/content\/igf-2022-open-forum-87-icann-reducing-inequality-by-enabling-inclusive-and-resilient\"><em>ICANN Reducing inequality by enabling inclusive and resilient internet through global partnerships for sustainable development<\/em><\/a>\u201d. Como ativos participantes do grupo de neg\u00f3cios da ICANN (BC)<a href=\"#_edn1\" name=\"_ednref1\">[i]<\/a>, acompanhamos atentamente esse painel composto pelo CEO G\u00f6ran Marby, mais 3 membros do Conselho Diretor da ICANN, Avri Doria, Edmon Chung, e Maarten Botterman.<\/p>\n<p>Foi destacado pelo CEO que por a Internet ter come\u00e7ado nos Estados Unidos, existiu por muito tempo uma grande limita\u00e7\u00e3o relacionada \u00e0 necessidade do uso da l\u00edngua inglesa, mas que para os pr\u00f3ximos 1 bilh\u00e3o de usu\u00e1rios possam integrar a rede de maneira adequada, se faz necess\u00e1rio que todos os alfabetos sejam suportados. Isso \u00e9 garantido por projetos dos quais somos fortes apoiadores, como o do Universal Acceptance Steering Group (UASG)<a href=\"#_edn2\" name=\"_ednref2\">[ii]<\/a>, que faz as pesquisas e desenvolvimento necess\u00e1rio para que isso seja feito. Os diretores Avri Doria e Maarten Botterman refor\u00e7aram o quanto isso est\u00e1 se tornando algo priorit\u00e1rio para a organiza\u00e7\u00e3o como um todo.<\/p>\n<p><img loading=\"lazy\" decoding=\"async\" class=\"size-full wp-image-2190 aligncenter\" src=\"http:\/\/nivaldocleto.cnt.br\/blog\/wp-content\/uploads\/2022\/12\/G\u00f6ran-Marby-CEO-da-ICANN-Copia.jpg\" alt=\"\" width=\"1806\" height=\"734\" srcset=\"https:\/\/nivaldocleto.cnt.br\/blog\/wp-content\/uploads\/2022\/12\/G\u00f6ran-Marby-CEO-da-ICANN-Copia.jpg 1806w, https:\/\/nivaldocleto.cnt.br\/blog\/wp-content\/uploads\/2022\/12\/G\u00f6ran-Marby-CEO-da-ICANN-Copia-300x122.jpg 300w, https:\/\/nivaldocleto.cnt.br\/blog\/wp-content\/uploads\/2022\/12\/G\u00f6ran-Marby-CEO-da-ICANN-Copia-768x312.jpg 768w, https:\/\/nivaldocleto.cnt.br\/blog\/wp-content\/uploads\/2022\/12\/G\u00f6ran-Marby-CEO-da-ICANN-Copia-1024x416.jpg 1024w, https:\/\/nivaldocleto.cnt.br\/blog\/wp-content\/uploads\/2022\/12\/G\u00f6ran-Marby-CEO-da-ICANN-Copia-1080x439.jpg 1080w\" sizes=\"auto, (max-width: 1806px) 100vw, 1806px\" \/><\/p>\n<p style=\"text-align: center;\"><em>A partir da esq., G\u00f6ran Marby, CEO da ICANN; Avri Doria, pesquisadora e integrante da Diretoria da ICANN e Maarten Botterman, ex Chair da ICANN<\/em><\/p>\n<p>O diretor Edmon Chung \u00e9 um dos grandes pioneiros dos dom\u00ednios em alfabetos diversos, e clarificou como os pr\u00f3ximos usu\u00e1rios precisar\u00e3o disso. Ele delineou uma linha do tempo dessas quest\u00f5es. Demoraram 10 anos trabalhando nos princ\u00edpios tecnol\u00f3gicos que habilitam o uso desses alfabetos e os introduzindo em organismos t\u00e9cnicos como o IETF<a href=\"#_edn3\" name=\"_ednref3\">[iii]<\/a>. Os pr\u00f3ximos 10 anos foram utilizados transformando as pol\u00edticas e l\u00f3gicas da ICANN para que a aplica\u00e7\u00e3o fosse pr\u00f3pria.<\/p>\n<p>Estamos agora em um momento no qual precisamos encontrar os atores que v\u00e3o nos ajudar a fazer a implementa\u00e7\u00e3o e propaga\u00e7\u00e3o dessas tecnologias. Edmon enfatizou a import\u00e2ncia de buscar a compreens\u00e3o do problema por parte dos governos para que sejam incorporados nos requerimentos nos contratos governamentais e procura\u00e7\u00f5es. O grupo dos acad\u00eamicos tamb\u00e9m foi mencionado como uma for\u00e7a necess\u00e1ria.<\/p>\n<p>Marteen complementou que a comunidade t\u00e9cnica possui uma grande import\u00e2ncia em testar e implementar essas tecnologias dentro de seus pr\u00f3prios sistemas. Avri lembrou que em breve estar\u00e1 em discuss\u00e3o a implementa\u00e7\u00e3o de novos dom\u00ednios de topo, e que esses n\u00e3o ser\u00e3o apenas latinos, mas idealmente incorporando as diferentes l\u00ednguas do mundo e criando novas oportunidades no espa\u00e7o do DNS<a href=\"#_edn4\" name=\"_ednref4\">[iv]<\/a>.<\/p>\n<p><img loading=\"lazy\" decoding=\"async\" class=\"size-full wp-image-2192 aligncenter\" src=\"http:\/\/nivaldocleto.cnt.br\/blog\/wp-content\/uploads\/2022\/12\/Imagem-do-WhatsApp-de-2022-11-30-\u00e0s-13.225.jpg\" alt=\"\" width=\"600\" height=\"450\" srcset=\"https:\/\/nivaldocleto.cnt.br\/blog\/wp-content\/uploads\/2022\/12\/Imagem-do-WhatsApp-de-2022-11-30-\u00e0s-13.225.jpg 600w, https:\/\/nivaldocleto.cnt.br\/blog\/wp-content\/uploads\/2022\/12\/Imagem-do-WhatsApp-de-2022-11-30-\u00e0s-13.225-300x225.jpg 300w\" sizes=\"auto, (max-width: 600px) 100vw, 600px\" \/><\/p>\n<p>O Conselheiro do GNSO<a href=\"#_edn5\" name=\"_ednref5\">[v]<\/a> Mark Datysgeld trouxe a pergunta de como a ICANN poderia ajudar a comunidade do UASG a alcan\u00e7ar atores tamanho grande como corpora\u00e7\u00f5es e governos. Os diretores mostraram grande interesse na quest\u00e3o dos governos e seus contratos, mas adicionaram tamb\u00e9m que existe essa insufici\u00eancia de capacidade em alcan\u00e7ar as empresas, e que esse \u00e9 o pr\u00f3ximo grande passo desse projeto.<\/p>\n<p><img loading=\"lazy\" decoding=\"async\" class=\"size-full wp-image-2191 aligncenter\" src=\"http:\/\/nivaldocleto.cnt.br\/blog\/wp-content\/uploads\/2022\/12\/Imagem-do-Whapp-de-2022-12-01-\u00e0s-09.37.32-Copia.jpg\" alt=\"\" width=\"600\" height=\"241\" srcset=\"https:\/\/nivaldocleto.cnt.br\/blog\/wp-content\/uploads\/2022\/12\/Imagem-do-Whapp-de-2022-12-01-\u00e0s-09.37.32-Copia.jpg 600w, https:\/\/nivaldocleto.cnt.br\/blog\/wp-content\/uploads\/2022\/12\/Imagem-do-Whapp-de-2022-12-01-\u00e0s-09.37.32-Copia-300x121.jpg 300w\" sizes=\"auto, (max-width: 600px) 100vw, 600px\" \/><\/p>\n<p>Foi trazida pela comunidade uma quest\u00e3o relativa aos fundos da ICANN e qual a capacidade da organiza\u00e7\u00e3o de expandir seus esfor\u00e7os. Gor\u00e4n respondeu que como uma organiza\u00e7\u00e3o sem fins lucrativos, eles \u201ctem o dinheiro que tem\u201d, mas ainda assim existe um valor de 160 milh\u00f5es de d\u00f3lares por ano entrando na organiza\u00e7\u00e3o e eles possuem um fundo de reserva significativo, que os permite pensar em projetos futuros.<\/p>\n<p>Foi comentado que existe de fato uma inten\u00e7\u00e3o de come\u00e7ar a alcan\u00e7ar pessoas que ainda n\u00e3o est\u00e3o inclusas de modo real na Internet. Essa \u00e9 uma preocupa\u00e7\u00e3o at\u00e9 pelo aspecto de manter a coes\u00e3o e integridade da rede, algo que alimenta o tema maior de impedir a fragmenta\u00e7\u00e3o da Internet que est\u00e1 integrado no tema maior do evento do IGF desse ano. \u00c9 um jeito de manter a Internet coesa.<\/p>\n<h4><strong>Conversamos com T\u00falio Andrade, do Minist\u00e9rio das Rela\u00e7\u00f5es Exteriores do Brasil, que participou do painel de Fragmenta\u00e7\u00e3o.<\/strong><\/h4>\n<p><iframe loading=\"lazy\" title=\"IGF 2022 - Diplomata T\u00falio Andrade fala sobre Fragmenta\u00e7\u00e3o da Internet.\" width=\"1080\" height=\"608\" src=\"https:\/\/www.youtube.com\/embed\/1Yv9F-dDaJw?feature=oembed\" frameborder=\"0\" allow=\"accelerometer; autoplay; clipboard-write; encrypted-media; gyroscope; picture-in-picture\" allowfullscreen><\/iframe><\/p>\n<p>&nbsp;<\/p>\n<p><img loading=\"lazy\" decoding=\"async\" class=\"size-full wp-image-2193 aligncenter\" src=\"http:\/\/nivaldocleto.cnt.br\/blog\/wp-content\/uploads\/2022\/12\/Imagem-do-WhatsApp-de-2022-11-30-\u00e0s-04.42.53.jpg\" alt=\"\" width=\"600\" height=\"450\" srcset=\"https:\/\/nivaldocleto.cnt.br\/blog\/wp-content\/uploads\/2022\/12\/Imagem-do-WhatsApp-de-2022-11-30-\u00e0s-04.42.53.jpg 600w, https:\/\/nivaldocleto.cnt.br\/blog\/wp-content\/uploads\/2022\/12\/Imagem-do-WhatsApp-de-2022-11-30-\u00e0s-04.42.53-300x225.jpg 300w\" sizes=\"auto, (max-width: 600px) 100vw, 600px\" \/><\/p>\n<p style=\"text-align: center;\"><em>Diplomata Jandyr Ferreira dos Santos, Embaixador do Brasil na Eti\u00f3pia. Ele ocupa o cargo cumulativamente com as representa\u00e7\u00f5es do Brasil na Rep\u00fablica do Djibouti e na Rep\u00fablica do Sud\u00e3o do Sul. Jandyr\u00a0foi muito ativo junto \u00e0 ICANN alguns anos atr\u00e1s (no processo de transi\u00e7\u00e3o IANA, por exemplo) e teve forte intera\u00e7\u00e3o e colabora\u00e7\u00e3o com o Comit\u00ea Gestor da Internet no Brasil (CGI.br).<\/em><\/p>\n<p>&nbsp;<\/p>\n<p>(*) Nivaldo Cleto \u00e9 empres\u00e1rio de contabilidade e de certifica\u00e7\u00e3o digital, conselheiro do Comit\u00ea Gestor da Internet no Brasil CGI.br e membro da ICANN Business Constituency \u2013 BC<\/p>\n<p>&nbsp;<\/p>\n<h6><a href=\"#_ednref1\" name=\"_edn1\">[i]<\/a> A ICANN \u00e9 uma corpora\u00e7\u00e3o de utilidade p\u00fablica sem fins lucrativos com participantes de todo o mundo dedicados a manter a Internet segura, est\u00e1vel e interoper\u00e1vel. Ela promove a concorr\u00eancia e desenvolve pol\u00edticas sobre identificadores exclusivos da Internet.<\/h6>\n<h6><a href=\"#_ednref2\" name=\"_edn2\">[ii]<\/a> O Grupo Diretor de Aceita\u00e7\u00e3o Universal (UASG) foi fundado em 2015. \u00c9 uma iniciativa liderada por volunt\u00e1rios com a tarefa de realizar atividades que efetivamente promovam a Aceita\u00e7\u00e3o Universal (UA) por meio de seus m\u00faltiplos grupos de trabalho, iniciativas locais e Embaixadores da UA. O grupo \u00e9 formado por mais de 500 pessoas que representam v\u00e1rias organiza\u00e7\u00f5es, empresas e a comunidade da ICANN .<\/h6>\n<h6><a href=\"#_ednref3\" name=\"_edn3\">[iii]<\/a> Internet Engineering Task Force (IETF) \u00e9 um grupo internacional aberto, composto de t\u00e9cnicos, ag\u00eancias, fabricantes, fornecedores e pesquisadores, que se ocupa do desenvolvimento e promo\u00e7\u00e3o de standards para Internet, em estreita coopera\u00e7\u00e3o com o World Wide Web Consortium e ISO\/IEC, em particular TCP\/IP e o conjunto de protocolos Internet.<\/h6>\n<h6><a href=\"#_ednref4\" name=\"_edn4\">[iv]<\/a> O Sistema de Nomes de Dom\u00ednio,[1][2][3] mais conhecido pela nomenclatura em Ingl\u00eas Domain Name System (DNS), \u00e9 um sistema hier\u00e1rquico e distribu\u00eddo de gest\u00e3o de nomes para computadores, servi\u00e7os ou qualquer m\u00e1quina conectada \u00e0 Internet ou a uma rede privada.<\/h6>\n<h6><a href=\"#_ednref5\" name=\"_edn5\">[v]<\/a> The Generic Names Supporting Organization (GNSO) \u00e9 um \u00f3rg\u00e3o de desenvolvimento de pol\u00edticas respons\u00e1vel por desenvolver e recomendar \u00e0 Diretoria da ICANN pol\u00edticas substantivas relacionadas a dom\u00ednios gen\u00e9ricos de primeiro n\u00edvel (gTLDs).<\/h6>\n","protected":false},"excerpt":{"rendered":"<p>Por Nivaldo Cleto* Na quarta-feira (30\/11), durante o F\u00f3rum de Governan\u00e7a da Internet (IGF), em Addis Abeba, Eti\u00f3pia, destacamos a sess\u00e3o \u201cICANN Reducing inequality by enabling inclusive and resilient internet through global partnerships for sustainable development\u201d. Como ativos participantes do grupo de neg\u00f3cios da ICANN (BC)[i], acompanhamos atentamente esse painel composto pelo CEO G\u00f6ran Marby, mais 3 membros do Conselho Diretor da ICANN, Avri Doria, Edmon Chung, e Maarten Botterman. Foi destacado pelo CEO que por a Internet ter come\u00e7ado nos Estados Unidos, existiu por muito tempo uma grande limita\u00e7\u00e3o relacionada \u00e0 necessidade do uso da l\u00edngua inglesa, mas que para os pr\u00f3ximos 1 bilh\u00e3o de usu\u00e1rios possam integrar a rede de maneira adequada, se faz necess\u00e1rio que todos os alfabetos sejam suportados. Isso \u00e9 garantido por projetos dos quais somos fortes apoiadores, como o do Universal Acceptance Steering Group (UASG)[ii], que faz as pesquisas e desenvolvimento necess\u00e1rio para que isso seja feito. Os diretores Avri Doria e Maarten Botterman refor\u00e7aram o quanto isso est\u00e1 se tornando algo priorit\u00e1rio para a organiza\u00e7\u00e3o como um todo. A partir da esq., G\u00f6ran Marby, CEO da ICANN; Avri Doria, pesquisadora e integrante da Diretoria da ICANN e Maarten Botterman, ex Chair da [&hellip;]<\/p>\n","protected":false},"author":2,"featured_media":2189,"comment_status":"closed","ping_status":"closed","sticky":false,"template":"","format":"standard","meta":{"footnotes":""},"categories":[54],"tags":[],"class_list":["post-2188","post","type-post","status-publish","format-standard","has-post-thumbnail","hentry","category-igf-2022"],"_links":{"self":[{"href":"https:\/\/nivaldocleto.cnt.br\/blog\/wp-json\/wp\/v2\/posts\/2188","targetHints":{"allow":["GET"]}}],"collection":[{"href":"https:\/\/nivaldocleto.cnt.br\/blog\/wp-json\/wp\/v2\/posts"}],"about":[{"href":"https:\/\/nivaldocleto.cnt.br\/blog\/wp-json\/wp\/v2\/types\/post"}],"author":[{"embeddable":true,"href":"https:\/\/nivaldocleto.cnt.br\/blog\/wp-json\/wp\/v2\/users\/2"}],"replies":[{"embeddable":true,"href":"https:\/\/nivaldocleto.cnt.br\/blog\/wp-json\/wp\/v2\/comments?post=2188"}],"version-history":[{"count":5,"href":"https:\/\/nivaldocleto.cnt.br\/blog\/wp-json\/wp\/v2\/posts\/2188\/revisions"}],"predecessor-version":[{"id":2215,"href":"https:\/\/nivaldocleto.cnt.br\/blog\/wp-json\/wp\/v2\/posts\/2188\/revisions\/2215"}],"wp:featuredmedia":[{"embeddable":true,"href":"https:\/\/nivaldocleto.cnt.br\/blog\/wp-json\/wp\/v2\/media\/2189"}],"wp:attachment":[{"href":"https:\/\/nivaldocleto.cnt.br\/blog\/wp-json\/wp\/v2\/media?parent=2188"}],"wp:term":[{"taxonomy":"category","embeddable":true,"href":"https:\/\/nivaldocleto.cnt.br\/blog\/wp-json\/wp\/v2\/categories?post=2188"},{"taxonomy":"post_tag","embeddable":true,"href":"https:\/\/nivaldocleto.cnt.br\/blog\/wp-json\/wp\/v2\/tags?post=2188"}],"curies":[{"name":"wp","href":"https:\/\/api.w.org\/{rel}","templated":true}]}}