{"id":2170,"date":"2022-11-30T06:15:38","date_gmt":"2022-11-30T09:15:38","guid":{"rendered":"http:\/\/nivaldocleto.cnt.br\/blog\/?p=2170"},"modified":"2022-12-07T12:38:57","modified_gmt":"2022-12-07T15:38:57","slug":"17o-forum-de-governanca-da-internet-discute-universalidade-da-internet","status":"publish","type":"post","link":"https:\/\/nivaldocleto.cnt.br\/blog\/17o-forum-de-governanca-da-internet-discute-universalidade-da-internet\/","title":{"rendered":"17\u00ba F\u00f3rum de Governan\u00e7a da Internet discute universalidade da rede"},"content":{"rendered":"<div id=\"fb-root\"><\/div>\n<p>Por Nivaldo Cleto*<strong>\u00a0<\/strong><\/p>\n<p>Come\u00e7ou nesta segunda-feira (28\/11), em Addis Abeba, Eti\u00f3pia, o 17\u00ba F\u00f3rum de Governan\u00e7a da Internet (IGF). O evento, que vai at\u00e9 dia 2 de dezembro, tem como tema &#8220;Internet resiliente para um futuro compartilhado sustent\u00e1vel e comum&#8221; e est\u00e1 sendo organizado pelo Governo da Eti\u00f3pia, com o apoio da Comiss\u00e3o Econ\u00f4mica das Na\u00e7\u00f5es Unidas para a \u00c1frica (UN ECA)<a href=\"#_edn1\" name=\"_ednref1\">[i]<\/a> e Departamento de Assuntos Econ\u00f4micos e Sociais das Na\u00e7\u00f5es Unidas (UN DESA)<a href=\"#_edn2\" name=\"_ednref2\">[ii]<\/a>.<\/p>\n<p><a href=\"#_ednref1\" name=\"_edn1\"><\/a><\/p>\n<p><img loading=\"lazy\" decoding=\"async\" class=\"size-full wp-image-2172 aligncenter\" src=\"http:\/\/nivaldocleto.cnt.br\/blog\/wp-content\/uploads\/2022\/11\/Imagem-do-WhatsApp-de-2022-11-29-\u00e0s-05.23.33.jpg\" alt=\"\" width=\"600\" height=\"212\" srcset=\"https:\/\/nivaldocleto.cnt.br\/blog\/wp-content\/uploads\/2022\/11\/Imagem-do-WhatsApp-de-2022-11-29-\u00e0s-05.23.33.jpg 600w, https:\/\/nivaldocleto.cnt.br\/blog\/wp-content\/uploads\/2022\/11\/Imagem-do-WhatsApp-de-2022-11-29-\u00e0s-05.23.33-300x106.jpg 300w\" sizes=\"auto, (max-width: 600px) 100vw, 600px\" \/><\/p>\n<p>A abertura do 17\u00ba IGF contou com as participa\u00e7\u00f5es do primeiro-ministro da Eti\u00f3pia, Abiy Ahmed Ali e por videoconfer\u00eancia do secret\u00e1rio-geral da ONU Ant\u00f3nio Guterres.<\/p>\n<p>A reuni\u00e3o ser\u00e1 organizada sob o tema \u201cInternet resiliente para um futuro compartilhado sustent\u00e1vel e comum\u201d. Com esta tem\u00e1tica, o programa do encontro \u00e9 guiado por cinco temas extra\u00eddos do Pacto Digital Global no Relat\u00f3rio Nossa Agenda Comum do Secret\u00e1rio-Geral da ONU:<\/p>\n<ul>\n<li>Conectando todas as pessoas e protegendo os direitos humanos<\/li>\n<li>Evitando a Fragmenta\u00e7\u00e3o da Internet<\/li>\n<li>Governando dados e protegendo a privacidade<\/li>\n<li>Habilitando seguran\u00e7a, prote\u00e7\u00e3o e responsabilidade<\/li>\n<li>Abordando tecnologias avan\u00e7adas, incluindo IA<\/li>\n<\/ul>\n<p>A primeira Trilha para L\u00edderes de Alto N\u00edvel \u201cConectividade Universal, Acess\u00edvel e Significativa\u201d discutiu o estabelecimento de um acesso universal, significativo e acess\u00edvel e a lacuna de g\u00eanero digital que continua a se expandir em muitos pa\u00edses em desenvolvimento entre outros temas.<\/p>\n<p>Entre os painelistas estavam o Ministro das Comunica\u00e7\u00f5es e Economia Digital da Nig\u00e9ria, Isa Ali Ibrahim Pantami, Subsecret\u00e1rio-Geral para Assuntos Econ\u00f4micos e Sociais das Na\u00e7\u00f5es Unidas, Junhua Li, o CEO da ICANN, G\u00f6ran Marby entre outras autoridades, representantes de entidades e especialistas.<\/p>\n<p>&nbsp;<\/p>\n<p><strong>Vinton Gray Cerf, um dos pais da internet, fala sobre as expectativas do evento<\/strong><\/p>\n<p><iframe loading=\"lazy\" title=\"IGF 2022 - Vinton Gray Cerf, um dos pais da internet, fala sobre as expectativas do evento\" width=\"1080\" height=\"608\" src=\"https:\/\/www.youtube.com\/embed\/YNdzyBhVEWA?feature=oembed\" frameborder=\"0\" allow=\"accelerometer; autoplay; clipboard-write; encrypted-media; gyroscope; picture-in-picture\" allowfullscreen><\/iframe><\/p>\n<p>&nbsp;<\/p>\n<p><strong>Conversamos tamb\u00e9m com Alexandre Barbosa, gerente do Centro Regional de Estudos para o Desenvolvimento da Sociedade da Informa\u00e7\u00e3o (Cetic.br), que falou sobre sua participa\u00e7\u00e3o no painel da Unesco.<\/strong><\/p>\n<p><iframe loading=\"lazy\" title=\"IGF 2022 - Alexandre Barbosa, gerente do Cetic.br\" width=\"1080\" height=\"608\" src=\"https:\/\/www.youtube.com\/embed\/Uc8Hc3ertoA?feature=oembed\" frameborder=\"0\" allow=\"accelerometer; autoplay; clipboard-write; encrypted-media; gyroscope; picture-in-picture\" allowfullscreen><\/iframe><\/p>\n<p>&nbsp;<\/p>\n<h6><a href=\"#_ednref1\" name=\"_edn1\">[i]<\/a> UN ECA &#8211; Como bra\u00e7o regional do Conselho Econ\u00f4mico e Social da ONU na \u00c1frica, apoia o desenvolvimento econ\u00f4mico e social dos seus 53 pa\u00edses membros, fomenta a integra\u00e7\u00e3o regional e promove a coopera\u00e7\u00e3o internacional para o desenvolvimento africano.<\/h6>\n<h6><a href=\"#_ednref2\" name=\"_edn2\">[ii]<\/a> O UN DESA ajuda pa\u00edses em todo o mundo na defini\u00e7\u00e3o de agendas e tomada de decis\u00f5es com o objetivo de enfrentar seus desafios econ\u00f4micos, sociais e ambientais.<\/h6>\n<p>&nbsp;<\/p>\n<p>(*) Nivaldo Cleto \u00e9 empres\u00e1rio de contabilidade e de certifica\u00e7\u00e3o digital, conselheiro do Comit\u00ea Gestor da Internet no Brasil CGI.br e membro da ICANN Business Constituency \u2013 BC<\/p>\n","protected":false},"excerpt":{"rendered":"<p>Por Nivaldo Cleto*\u00a0 Come\u00e7ou nesta segunda-feira (28\/11), em Addis Abeba, Eti\u00f3pia, o 17\u00ba F\u00f3rum de Governan\u00e7a da Internet (IGF). O evento, que vai at\u00e9 dia 2 de dezembro, tem como tema &#8220;Internet resiliente para um futuro compartilhado sustent\u00e1vel e comum&#8221; e est\u00e1 sendo organizado pelo Governo da Eti\u00f3pia, com o apoio da Comiss\u00e3o Econ\u00f4mica das Na\u00e7\u00f5es Unidas para a \u00c1frica (UN ECA)[i] e Departamento de Assuntos Econ\u00f4micos e Sociais das Na\u00e7\u00f5es Unidas (UN DESA)[ii]. A abertura do 17\u00ba IGF contou com as participa\u00e7\u00f5es do primeiro-ministro da Eti\u00f3pia, Abiy Ahmed Ali e por videoconfer\u00eancia do secret\u00e1rio-geral da ONU Ant\u00f3nio Guterres. A reuni\u00e3o ser\u00e1 organizada sob o tema \u201cInternet resiliente para um futuro compartilhado sustent\u00e1vel e comum\u201d. Com esta tem\u00e1tica, o programa do encontro \u00e9 guiado por cinco temas extra\u00eddos do Pacto Digital Global no Relat\u00f3rio Nossa Agenda Comum do Secret\u00e1rio-Geral da ONU: Conectando todas as pessoas e protegendo os direitos humanos Evitando a Fragmenta\u00e7\u00e3o da Internet Governando dados e protegendo a privacidade Habilitando seguran\u00e7a, prote\u00e7\u00e3o e responsabilidade Abordando tecnologias avan\u00e7adas, incluindo IA A primeira Trilha para L\u00edderes de Alto N\u00edvel \u201cConectividade Universal, Acess\u00edvel e Significativa\u201d discutiu o estabelecimento de um acesso universal, significativo e acess\u00edvel e a lacuna de g\u00eanero [&hellip;]<\/p>\n","protected":false},"author":2,"featured_media":2171,"comment_status":"closed","ping_status":"closed","sticky":false,"template":"","format":"standard","meta":{"footnotes":""},"categories":[54],"tags":[],"class_list":["post-2170","post","type-post","status-publish","format-standard","has-post-thumbnail","hentry","category-igf-2022"],"_links":{"self":[{"href":"https:\/\/nivaldocleto.cnt.br\/blog\/wp-json\/wp\/v2\/posts\/2170","targetHints":{"allow":["GET"]}}],"collection":[{"href":"https:\/\/nivaldocleto.cnt.br\/blog\/wp-json\/wp\/v2\/posts"}],"about":[{"href":"https:\/\/nivaldocleto.cnt.br\/blog\/wp-json\/wp\/v2\/types\/post"}],"author":[{"embeddable":true,"href":"https:\/\/nivaldocleto.cnt.br\/blog\/wp-json\/wp\/v2\/users\/2"}],"replies":[{"embeddable":true,"href":"https:\/\/nivaldocleto.cnt.br\/blog\/wp-json\/wp\/v2\/comments?post=2170"}],"version-history":[{"count":5,"href":"https:\/\/nivaldocleto.cnt.br\/blog\/wp-json\/wp\/v2\/posts\/2170\/revisions"}],"predecessor-version":[{"id":2218,"href":"https:\/\/nivaldocleto.cnt.br\/blog\/wp-json\/wp\/v2\/posts\/2170\/revisions\/2218"}],"wp:featuredmedia":[{"embeddable":true,"href":"https:\/\/nivaldocleto.cnt.br\/blog\/wp-json\/wp\/v2\/media\/2171"}],"wp:attachment":[{"href":"https:\/\/nivaldocleto.cnt.br\/blog\/wp-json\/wp\/v2\/media?parent=2170"}],"wp:term":[{"taxonomy":"category","embeddable":true,"href":"https:\/\/nivaldocleto.cnt.br\/blog\/wp-json\/wp\/v2\/categories?post=2170"},{"taxonomy":"post_tag","embeddable":true,"href":"https:\/\/nivaldocleto.cnt.br\/blog\/wp-json\/wp\/v2\/tags?post=2170"}],"curies":[{"name":"wp","href":"https:\/\/api.w.org\/{rel}","templated":true}]}}