{"id":2148,"date":"2022-11-05T14:30:11","date_gmt":"2022-11-05T17:30:11","guid":{"rendered":"http:\/\/nivaldocleto.cnt.br\/blog\/?p=2148"},"modified":"2022-11-08T15:25:57","modified_gmt":"2022-11-08T18:25:57","slug":"proxima-edicao-da-web-summit-sera-no-rio-de-janeiro","status":"publish","type":"post","link":"https:\/\/nivaldocleto.cnt.br\/blog\/proxima-edicao-da-web-summit-sera-no-rio-de-janeiro\/","title":{"rendered":"Pr\u00f3xima edi\u00e7\u00e3o da Web Summit ser\u00e1 no Rio de Janeiro"},"content":{"rendered":"<div id=\"fb-root\"><\/div>\n<p>Por Nivaldo Cleto*<strong>\u00a0<\/strong><\/p>\n<p>Chegou ao fim, no \u00faltimo dia 04 de novembro, a Web Summit 2022 \u2013 Lisboa, o maior evento de inova\u00e7\u00e3o do mundo, com recorde de p\u00fablico de 70 mil pessoas.<\/p>\n<p>Al\u00e9m das palestras de CEOs de grandes empresas de tecnologia, inova\u00e7\u00e3o e autoridades, destaco o Pavilh\u00e3o Brasil Inovador, com 225 m\u00b2, com a presen\u00e7a de diversas startups brasileiras de variados ramos econ\u00f4micos como fintechs, agritechs, healthtechs, intelig\u00eancia artificial, biotecnologia, tecnologia da informa\u00e7\u00e3o e dados.<\/p>\n<p><img loading=\"lazy\" decoding=\"async\" class=\"size-full wp-image-2150 aligncenter\" src=\"http:\/\/nivaldocleto.cnt.br\/blog\/wp-content\/uploads\/2022\/11\/IMG-20221104-WA0098-Copia.jpg\" alt=\"\" width=\"600\" height=\"225\" srcset=\"https:\/\/nivaldocleto.cnt.br\/blog\/wp-content\/uploads\/2022\/11\/IMG-20221104-WA0098-Copia.jpg 600w, https:\/\/nivaldocleto.cnt.br\/blog\/wp-content\/uploads\/2022\/11\/IMG-20221104-WA0098-Copia-300x113.jpg 300w\" sizes=\"auto, (max-width: 600px) 100vw, 600px\" \/><\/p>\n<p>Tamb\u00e9m tivemos estandes de governos estaduais, como Cear\u00e1, o \u00fanico da Federa\u00e7\u00e3o a participar, e cidades como S\u00e3o Paulo e Rio de Janeiro. A cidade carioca se destacou, pois ser\u00e1 a sede da Web Summit 2023 em maio, com a expectativa de pelo menos 25 mil inscritos.<\/p>\n<p>O presidente de Portugal, Marcelo de Souza Rebelo, j\u00e1 confirmou presen\u00e7a na edi\u00e7\u00e3o brasileira. \u201cPara os brasileiros que est\u00e3o aqui (em Lisboa), Rio, estarei com voc\u00eas\u201d, disse.<\/p>\n<p><img loading=\"lazy\" decoding=\"async\" class=\"size-full wp-image-2151 aligncenter\" src=\"http:\/\/nivaldocleto.cnt.br\/blog\/wp-content\/uploads\/2022\/11\/IMG-20221104-WA0086-Copia.jpg\" alt=\"\" width=\"600\" height=\"224\" srcset=\"https:\/\/nivaldocleto.cnt.br\/blog\/wp-content\/uploads\/2022\/11\/IMG-20221104-WA0086-Copia.jpg 600w, https:\/\/nivaldocleto.cnt.br\/blog\/wp-content\/uploads\/2022\/11\/IMG-20221104-WA0086-Copia-300x112.jpg 300w\" sizes=\"auto, (max-width: 600px) 100vw, 600px\" \/><\/p>\n<p>Conversamos com o Professor Ricardo Yogui, da PUC-RIO, sobre a presen\u00e7a da prefeitura carioca na Web Summit Lisboa, onde ele fez um convite para a edi\u00e7\u00e3o de 2023.<\/p>\n<p><iframe loading=\"lazy\" title=\"Web Summit Rio ser\u00e1 realizado em maio de 2023, no Riocentro\" width=\"1080\" height=\"608\" src=\"https:\/\/www.youtube.com\/embed\/hV_QaWeKxYo?feature=oembed\" frameborder=\"0\" allow=\"accelerometer; autoplay; clipboard-write; encrypted-media; gyroscope; picture-in-picture\" allowfullscreen><\/iframe><\/p>\n<p>&nbsp;<\/p>\n<p>Ainda conhecemos uma empresa de Fortaleza, que oferece uma solu\u00e7\u00e3o onde voc\u00ea pode gerenciar e controlar seus dados pessoais com o uso de blockchain.<\/p>\n<p><iframe loading=\"lazy\" title=\"Web Summit 2022 - Gerenciamento e controle de seus dados pessoais\" width=\"1080\" height=\"608\" src=\"https:\/\/www.youtube.com\/embed\/8JHJcSK72mQ?feature=oembed\" frameborder=\"0\" allow=\"accelerometer; autoplay; clipboard-write; encrypted-media; gyroscope; picture-in-picture\" allowfullscreen><\/iframe><\/p>\n<p>&nbsp;<\/p>\n<p>Veja como foi o evento<\/p>\n<p><a href=\"https:\/\/www.youtube.com\/c\/websummit\/videos\">https:\/\/www.youtube.com\/c\/websummit\/videos<\/a><\/p>\n<p>&nbsp;<\/p>\n<p><em>(*) Nivaldo Cleto \u00e9 empres\u00e1rio de contabilidade e de certifica\u00e7\u00e3o digital, conselheiro do Comit\u00ea Gestor da Internet no Brasil CGI.br e membro da ICANN Business Constituency \u2013 BC<\/em><\/p>\n","protected":false},"excerpt":{"rendered":"<p>Por Nivaldo Cleto*\u00a0 Chegou ao fim, no \u00faltimo dia 04 de novembro, a Web Summit 2022 \u2013 Lisboa, o maior evento de inova\u00e7\u00e3o do mundo, com recorde de p\u00fablico de 70 mil pessoas. Al\u00e9m das palestras de CEOs de grandes empresas de tecnologia, inova\u00e7\u00e3o e autoridades, destaco o Pavilh\u00e3o Brasil Inovador, com 225 m\u00b2, com a presen\u00e7a de diversas startups brasileiras de variados ramos econ\u00f4micos como fintechs, agritechs, healthtechs, intelig\u00eancia artificial, biotecnologia, tecnologia da informa\u00e7\u00e3o e dados. Tamb\u00e9m tivemos estandes de governos estaduais, como Cear\u00e1, o \u00fanico da Federa\u00e7\u00e3o a participar, e cidades como S\u00e3o Paulo e Rio de Janeiro. A cidade carioca se destacou, pois ser\u00e1 a sede da Web Summit 2023 em maio, com a expectativa de pelo menos 25 mil inscritos. O presidente de Portugal, Marcelo de Souza Rebelo, j\u00e1 confirmou presen\u00e7a na edi\u00e7\u00e3o brasileira. \u201cPara os brasileiros que est\u00e3o aqui (em Lisboa), Rio, estarei com voc\u00eas\u201d, disse. Conversamos com o Professor Ricardo Yogui, da PUC-RIO, sobre a presen\u00e7a da prefeitura carioca na Web Summit Lisboa, onde ele fez um convite para a edi\u00e7\u00e3o de 2023. &nbsp; Ainda conhecemos uma empresa de Fortaleza, que oferece uma solu\u00e7\u00e3o onde voc\u00ea pode gerenciar e controlar seus dados pessoais [&hellip;]<\/p>\n","protected":false},"author":2,"featured_media":2149,"comment_status":"closed","ping_status":"open","sticky":false,"template":"","format":"standard","meta":{"footnotes":""},"categories":[53],"tags":[],"class_list":["post-2148","post","type-post","status-publish","format-standard","has-post-thumbnail","hentry","category-web-summit-2022"],"_links":{"self":[{"href":"https:\/\/nivaldocleto.cnt.br\/blog\/wp-json\/wp\/v2\/posts\/2148","targetHints":{"allow":["GET"]}}],"collection":[{"href":"https:\/\/nivaldocleto.cnt.br\/blog\/wp-json\/wp\/v2\/posts"}],"about":[{"href":"https:\/\/nivaldocleto.cnt.br\/blog\/wp-json\/wp\/v2\/types\/post"}],"author":[{"embeddable":true,"href":"https:\/\/nivaldocleto.cnt.br\/blog\/wp-json\/wp\/v2\/users\/2"}],"replies":[{"embeddable":true,"href":"https:\/\/nivaldocleto.cnt.br\/blog\/wp-json\/wp\/v2\/comments?post=2148"}],"version-history":[{"count":1,"href":"https:\/\/nivaldocleto.cnt.br\/blog\/wp-json\/wp\/v2\/posts\/2148\/revisions"}],"predecessor-version":[{"id":2152,"href":"https:\/\/nivaldocleto.cnt.br\/blog\/wp-json\/wp\/v2\/posts\/2148\/revisions\/2152"}],"wp:featuredmedia":[{"embeddable":true,"href":"https:\/\/nivaldocleto.cnt.br\/blog\/wp-json\/wp\/v2\/media\/2149"}],"wp:attachment":[{"href":"https:\/\/nivaldocleto.cnt.br\/blog\/wp-json\/wp\/v2\/media?parent=2148"}],"wp:term":[{"taxonomy":"category","embeddable":true,"href":"https:\/\/nivaldocleto.cnt.br\/blog\/wp-json\/wp\/v2\/categories?post=2148"},{"taxonomy":"post_tag","embeddable":true,"href":"https:\/\/nivaldocleto.cnt.br\/blog\/wp-json\/wp\/v2\/tags?post=2148"}],"curies":[{"name":"wp","href":"https:\/\/api.w.org\/{rel}","templated":true}]}}