{"id":2122,"date":"2022-11-03T13:48:00","date_gmt":"2022-11-03T16:48:00","guid":{"rendered":"http:\/\/nivaldocleto.cnt.br\/blog\/?p=2122"},"modified":"2022-11-04T16:05:27","modified_gmt":"2022-11-04T19:05:27","slug":"segundo-dia-da-web-summit-tem-o-brasil-como-destaque","status":"publish","type":"post","link":"https:\/\/nivaldocleto.cnt.br\/blog\/segundo-dia-da-web-summit-tem-o-brasil-como-destaque\/","title":{"rendered":"Segundo dia da Web Summit tem o Brasil como destaque"},"content":{"rendered":"<div id=\"fb-root\"><\/div>\n<p>Por Nivaldo Cleto*<\/p>\n<p>No maior evento de inova\u00e7\u00e3o do mundo, que ocorre at\u00e9 dia 4 de novembro em Lisboa, o Pavilh\u00e3o Brasil Apex teve destaque, com a maior delega\u00e7\u00e3o de todos os pa\u00edses em um espa\u00e7o de 225 metros quadrados, incluindo salas de reuni\u00f5es, eventos, est\u00fadios de grava\u00e7\u00e3o, exposi\u00e7\u00f5es entre outros servi\u00e7os.<\/p>\n<p>Diversas autoridades estiveram presentes, entre elas o prefeito de S\u00e3o Paulo, Ricardo Nunes; presidente do Sebrae, Carlos Melles; gerente de Pol\u00edticas P\u00fablicas do Sebrae, Silas Santiago; presidente do Serpro, Gileno Gurj\u00e3o Barreto; ex-secret\u00e1rio de Governo Digital, Luiz Felipe Salim Monteiro; ministro Luciano Mazza de Andrade, diretor do Departamento de Ci\u00eancia, Tecnologia e Propriedade Intelectual do Minist\u00e9rio das Rela\u00e7\u00f5es Exteriores (MRE); Raimundo Carreiro, embaixador do Brasil em Portugal; embaixador Augusto Pestana, presidente da Apex, entre outros integrantes de entidades e do setor p\u00fablico.<\/p>\n<p><img loading=\"lazy\" decoding=\"async\" class=\"size-full wp-image-2132 aligncenter\" src=\"http:\/\/nivaldocleto.cnt.br\/blog\/wp-content\/uploads\/2022\/11\/Dia2do-WhatsApp-de-2022-11-02-\u00e0s-10.04.30-Copia.jpg\" alt=\"\" width=\"1745\" height=\"769\" srcset=\"https:\/\/nivaldocleto.cnt.br\/blog\/wp-content\/uploads\/2022\/11\/Dia2do-WhatsApp-de-2022-11-02-\u00e0s-10.04.30-Copia.jpg 1745w, https:\/\/nivaldocleto.cnt.br\/blog\/wp-content\/uploads\/2022\/11\/Dia2do-WhatsApp-de-2022-11-02-\u00e0s-10.04.30-Copia-300x132.jpg 300w, https:\/\/nivaldocleto.cnt.br\/blog\/wp-content\/uploads\/2022\/11\/Dia2do-WhatsApp-de-2022-11-02-\u00e0s-10.04.30-Copia-768x338.jpg 768w, https:\/\/nivaldocleto.cnt.br\/blog\/wp-content\/uploads\/2022\/11\/Dia2do-WhatsApp-de-2022-11-02-\u00e0s-10.04.30-Copia-1024x451.jpg 1024w, https:\/\/nivaldocleto.cnt.br\/blog\/wp-content\/uploads\/2022\/11\/Dia2do-WhatsApp-de-2022-11-02-\u00e0s-10.04.30-Copia-1080x476.jpg 1080w\" sizes=\"auto, (max-width: 1745px) 100vw, 1745px\" \/><\/p>\n<p style=\"text-align: center;\"><em>A partir da esq., presidente do Sebrae, Carlos Melles; diretor t\u00e9cnico do Sebrae, Bruno Quick; presidente do Serpro, Gileno Gurj\u00e3o Barreto e o ex-secret\u00e1rio de Governo Digital, Luiz Felipe Salim Monteiro<\/em><\/p>\n<p>No espa\u00e7o, diversas palestras foram apresentadas, como a identidade digital brasileira, transforma\u00e7\u00e3o digital das pequenas empresas e Projeto Inova Amaz\u00f4nia.<\/p>\n<p>O embaixador do Brasil em Portugal disse que o Brasil \u00e9 o primeiro pa\u00eds na Am\u00e9rica Latina a implantar o 5G que vai do campo \u00e0 telemedicina, tendo 80% do servi\u00e7o governamental digitalizado, e que o estado de S\u00e3o Paulo \u00e9 o quarto maior do mundo em fintechs.<\/p>\n<p><strong><img loading=\"lazy\" decoding=\"async\" class=\" wp-image-2125 alignleft\" src=\"http:\/\/nivaldocleto.cnt.br\/blog\/wp-content\/uploads\/2022\/11\/Imagem-do-WhatsApp-de-2022-11-02-\u00e0s-10.04.30.jpg\" alt=\"\" width=\"293\" height=\"437\" srcset=\"https:\/\/nivaldocleto.cnt.br\/blog\/wp-content\/uploads\/2022\/11\/Imagem-do-WhatsApp-de-2022-11-02-\u00e0s-10.04.30.jpg 573w, https:\/\/nivaldocleto.cnt.br\/blog\/wp-content\/uploads\/2022\/11\/Imagem-do-WhatsApp-de-2022-11-02-\u00e0s-10.04.30-201x300.jpg 201w\" sizes=\"auto, (max-width: 293px) 100vw, 293px\" \/>S\u00e3o Paulo<\/strong><\/p>\n<p>No estande que representa a cidade, o prefeito Ricardo Nunes ( foto \u00e0 esq.) fez o lan\u00e7amento do Portal da Economia Paulistana e em seu discurso defendeu o acesso \u00e0 internet como direito fundamental do cidad\u00e3o e destacou o uso crescente da tecnologia na gest\u00e3o da cidade.<\/p>\n<p>O Portal da Economia Paulistana \u00e9 uma plataforma destinada a investidores estrangeiros e nacionais, empreendedores j\u00e1 estabelecidos na capital e pessoas que querem abrir um neg\u00f3cio. A plataforma, totalmente gratuita, conta com vers\u00f5es em ingl\u00eas e espanhol e est\u00e1 dividida em sete se\u00e7\u00f5es. Nelas o usu\u00e1rio poder\u00e1 solicitar abertura de empresa, atendimento especializado realizado pela equipe da SP Neg\u00f3cios e informa\u00e7\u00f5es setoriais, assim como dados territoriais e estat\u00edsticos, legisla\u00e7\u00e3o e pol\u00edticas de incentivo existentes no munic\u00edpio.<\/p>\n<p><strong>Embraer<\/strong><\/p>\n<p>A empresa tamb\u00e9m est\u00e1 presente no Pavilh\u00e3o Brasil Apex, onde vai discutir os impactos e as novas oportunidades criadas pela revolu\u00e7\u00e3o digital para o segmento da mobilidade, entre elas a incuba\u00e7\u00e3o de novos neg\u00f3cios, como a Eve Air Mobility, criada em 2020 para acelerar o desenvolvimento da ind\u00fastria de Mobilidade A\u00e9rea.<\/p>\n<p><strong>Rio de Janeiro<\/strong><\/p>\n<p>A Prefeitura do Rio est\u00e1 com seu estande \u201cRio: capital of innovation and joy\u201d para promover e divulgar as iniciativas do Rio nas \u00e1reas de inova\u00e7\u00e3o e tecnologia, al\u00e9m de fomentar o turismo e os neg\u00f3cios bilaterais.<\/p>\n<p>Acompanhe o evento &#8211;\u00a0<a href=\"https:\/\/www.youtube.com\/c\/websummit\">https:\/\/www.youtube.com\/c\/websummit<\/a><\/p>\n<p><em>Agradecimento: assessorias de imprensa do Sebrae e da Prefeitura de S\u00e3o Paulo<\/em><\/p>\n<p><em>(*) Nivaldo Cleto \u00e9 empres\u00e1rio de contabilidade e de certifica\u00e7\u00e3o digital, conselheiro do Comit\u00ea Gestor da Internet no Brasil CGI.br e membro da ICANN Business Constituency \u2013 BC<\/em><\/p>\n","protected":false},"excerpt":{"rendered":"<p>Por Nivaldo Cleto* No maior evento de inova\u00e7\u00e3o do mundo, que ocorre at\u00e9 dia 4 de novembro em Lisboa, o Pavilh\u00e3o Brasil Apex teve destaque, com a maior delega\u00e7\u00e3o de todos os pa\u00edses em um espa\u00e7o de 225 metros quadrados, incluindo salas de reuni\u00f5es, eventos, est\u00fadios de grava\u00e7\u00e3o, exposi\u00e7\u00f5es entre outros servi\u00e7os. Diversas autoridades estiveram presentes, entre elas o prefeito de S\u00e3o Paulo, Ricardo Nunes; presidente do Sebrae, Carlos Melles; gerente de Pol\u00edticas P\u00fablicas do Sebrae, Silas Santiago; presidente do Serpro, Gileno Gurj\u00e3o Barreto; ex-secret\u00e1rio de Governo Digital, Luiz Felipe Salim Monteiro; ministro Luciano Mazza de Andrade, diretor do Departamento de Ci\u00eancia, Tecnologia e Propriedade Intelectual do Minist\u00e9rio das Rela\u00e7\u00f5es Exteriores (MRE); Raimundo Carreiro, embaixador do Brasil em Portugal; embaixador Augusto Pestana, presidente da Apex, entre outros integrantes de entidades e do setor p\u00fablico. A partir da esq., presidente do Sebrae, Carlos Melles; diretor t\u00e9cnico do Sebrae, Bruno Quick; presidente do Serpro, Gileno Gurj\u00e3o Barreto e o ex-secret\u00e1rio de Governo Digital, Luiz Felipe Salim Monteiro No espa\u00e7o, diversas palestras foram apresentadas, como a identidade digital brasileira, transforma\u00e7\u00e3o digital das pequenas empresas e Projeto Inova Amaz\u00f4nia. O embaixador do Brasil em Portugal disse que o Brasil \u00e9 o primeiro pa\u00eds [&hellip;]<\/p>\n","protected":false},"author":2,"featured_media":2123,"comment_status":"closed","ping_status":"open","sticky":false,"template":"","format":"standard","meta":{"footnotes":""},"categories":[53],"tags":[],"class_list":["post-2122","post","type-post","status-publish","format-standard","has-post-thumbnail","hentry","category-web-summit-2022"],"_links":{"self":[{"href":"https:\/\/nivaldocleto.cnt.br\/blog\/wp-json\/wp\/v2\/posts\/2122","targetHints":{"allow":["GET"]}}],"collection":[{"href":"https:\/\/nivaldocleto.cnt.br\/blog\/wp-json\/wp\/v2\/posts"}],"about":[{"href":"https:\/\/nivaldocleto.cnt.br\/blog\/wp-json\/wp\/v2\/types\/post"}],"author":[{"embeddable":true,"href":"https:\/\/nivaldocleto.cnt.br\/blog\/wp-json\/wp\/v2\/users\/2"}],"replies":[{"embeddable":true,"href":"https:\/\/nivaldocleto.cnt.br\/blog\/wp-json\/wp\/v2\/comments?post=2122"}],"version-history":[{"count":8,"href":"https:\/\/nivaldocleto.cnt.br\/blog\/wp-json\/wp\/v2\/posts\/2122\/revisions"}],"predecessor-version":[{"id":2140,"href":"https:\/\/nivaldocleto.cnt.br\/blog\/wp-json\/wp\/v2\/posts\/2122\/revisions\/2140"}],"wp:featuredmedia":[{"embeddable":true,"href":"https:\/\/nivaldocleto.cnt.br\/blog\/wp-json\/wp\/v2\/media\/2123"}],"wp:attachment":[{"href":"https:\/\/nivaldocleto.cnt.br\/blog\/wp-json\/wp\/v2\/media?parent=2122"}],"wp:term":[{"taxonomy":"category","embeddable":true,"href":"https:\/\/nivaldocleto.cnt.br\/blog\/wp-json\/wp\/v2\/categories?post=2122"},{"taxonomy":"post_tag","embeddable":true,"href":"https:\/\/nivaldocleto.cnt.br\/blog\/wp-json\/wp\/v2\/tags?post=2122"}],"curies":[{"name":"wp","href":"https:\/\/api.w.org\/{rel}","templated":true}]}}