{"id":1993,"date":"2022-06-15T17:26:21","date_gmt":"2022-06-15T20:26:21","guid":{"rendered":"http:\/\/nivaldocleto.cnt.br\/blog\/?p=1993"},"modified":"2024-02-02T08:43:36","modified_gmt":"2024-02-02T11:43:36","slug":"diario-da-icann74-14-de-junho-de-2022","status":"publish","type":"post","link":"https:\/\/nivaldocleto.cnt.br\/blog\/diario-da-icann74-14-de-junho-de-2022\/","title":{"rendered":"DI\u00c1RIO DA ICANN74 \u2013 14 DE JUNHO DE 2022"},"content":{"rendered":"<div id=\"fb-root\"><\/div>\n<p>Por Nivaldo Cleto (*)<\/p>\n<p>No segundo dia da ICANN 74, se observou uma consolida\u00e7\u00e3o de diversos temas que j\u00e1 vinham se apresentando como relevantes para a comunidade h\u00e1 certo tempo, e a necessidade da retomada de um ritmo mais \u00e1gil nos procedimentos, em vista de uma desacelera\u00e7\u00e3o oriunda do per\u00edodo de pandemia. Com os grupos tendo a possibilidade de se encontrar novamente, espera-se que estruturas mais produtivas sejam estabelecidas novamente.<\/p>\n<p>Sobre a quest\u00e3o dos lucros obtidos com a venda de novos nomes de dom\u00ednio em 2012, o grupo de trabalho apresentou suas propostas e essas foram melhor definidas por meio de um processo intermediado pelo Conselho Diretor da ICANN, que apontou a poss\u00edvel necessidade de que o Conselho do GNSO (Organiza\u00e7\u00e3o de Apoio para Nomes Gen\u00e9ricos) inicie um processo de orienta\u00e7\u00e3o do grupo. Isso se faz necess\u00e1rio dada a quantidade de trabalho possivelmente resultante.<\/p>\n<p>Esse tema inclusive puxa a quest\u00e3o dos chamados &#8220;nomes fechados&#8221;, um assunto que acabou chamando muita aten\u00e7\u00e3o no processo. Essas extens\u00f5es de dom\u00ednio s\u00e3o aquelas que travam uma palavra gen\u00e9rica na m\u00e3o de um \u00fanico controlador, o que permite certas composi\u00e7\u00f5es de nomes de dom\u00ednio potencialmente enganosas ou confusas de alguma maneira.<\/p>\n<p>Por exemplo, o dono da extens\u00e3o &#8220;computadores&#8221; pode gerar um nome de dom\u00ednio &#8220;melhores.computadores&#8221;. A quest\u00e3o fica sendo ent\u00e3o: isso \u00e9 algo leg\u00edtimo? Em princ\u00edpio \u00e9 algo valioso para o mercado do dono da extens\u00e3o de dom\u00ednio, mas quest\u00f5es sobre competitividade e potencial confus\u00e3o de usu\u00e1rios leigos foram levantadas pela comunidade.<\/p>\n<p>Os governos se mostraram particularmente interessados, e solicitaram ao GNSO a possibilidade de participar mais diretamente desse debate. Tradicionalmente, os governos possuem um papel de aconselhamento na ICANN, e isso gerou certa divis\u00e3o de opini\u00f5es, com algumas partes recusando esse procedimento, enquanto outras se mostraram mais neutras.<\/p>\n<p>Seguiremos com mais informa\u00e7\u00f5es sobre a ICANN74 em breve.<\/p>\n<p>(*) Conselheiro do Comit\u00ea Gestor da Internet e membro da ICANN Business Constituency<\/p>\n<p>&nbsp;<\/p>\n<h3 class=\"title style-scope ytd-video-primary-info-renderer\" style=\"text-align: center;\">Entrevista com Jos\u00e9 Gontijo, Coordenador do CGI.br<\/h3>\n<div class=\"watch-active-metadata style-scope ytd-watch-flexy\">\n<div id=\"meta\" class=\"style-scope ytd-watch-flexy\">\n<div id=\"meta-contents\" class=\"style-scope ytd-watch-flexy\">\n<div id=\"container\" class=\"style-scope ytd-video-secondary-info-renderer\">\n<div id=\"content\" class=\"style-scope ytd-expander\">\n<div id=\"description\" class=\"style-scope ytd-video-secondary-info-renderer\" style=\"text-align: center;\">Tema que foi debatido na Reuni\u00e3o do GAC sobre medidas que s\u00e3o tomadas para mitigar o m abuso de Dom\u00ednios DNS<\/div>\n<\/div>\n<\/div>\n<\/div>\n<\/div>\n<\/div>\n<p><iframe loading=\"lazy\" title=\"Entrevista com Jos\u00e9 Gontijo, Coordenador do CGI.br\" width=\"1080\" height=\"608\" src=\"https:\/\/www.youtube.com\/embed\/fgU4AhpwtMQ?feature=oembed\" frameborder=\"0\" allow=\"accelerometer; autoplay; clipboard-write; encrypted-media; gyroscope; picture-in-picture; web-share\" allowfullscreen><\/iframe><\/p>\n<h3><\/h3>\n<p>&nbsp;<\/p>\n<h3 class=\"title style-scope ytd-video-primary-info-renderer\" style=\"text-align: center;\">Conversa com Esteban Lescano &#8211; Diretor do Lacnic<\/h3>\n<div id=\"info\" class=\"style-scope ytd-video-primary-info-renderer\">\n<div class=\"watch-active-metadata style-scope ytd-watch-flexy\">\n<div id=\"meta\" class=\"style-scope ytd-watch-flexy\">\n<div id=\"meta-contents\" class=\"style-scope ytd-watch-flexy\">\n<div id=\"container\" class=\"style-scope ytd-video-secondary-info-renderer\">\n<div id=\"content\" class=\"style-scope ytd-expander\">\n<div id=\"description\" class=\"style-scope ytd-video-secondary-info-renderer\" style=\"text-align: center;\">Perspectivas da volta presencial dos eventos do Lacnic na Am\u00e9rica Latina<\/div>\n<\/div>\n<p><iframe loading=\"lazy\" title=\"Conversa com Esteban Lescano - Diretor do Lacnic\" width=\"1080\" height=\"608\" src=\"https:\/\/www.youtube.com\/embed\/HxI8p406ou4?feature=oembed\" frameborder=\"0\" allow=\"accelerometer; autoplay; clipboard-write; encrypted-media; gyroscope; picture-in-picture; web-share\" allowfullscreen><\/iframe><\/p>\n<\/div>\n<\/div>\n<\/div>\n<\/div>\n<\/div>\n<p><em>Foto: icannphotos<\/em><\/p>\n","protected":false},"excerpt":{"rendered":"<p>Por Nivaldo Cleto (*) No segundo dia da ICANN 74, se observou uma consolida\u00e7\u00e3o de diversos temas que j\u00e1 vinham se apresentando como relevantes para a comunidade h\u00e1 certo tempo, e a necessidade da retomada de um ritmo mais \u00e1gil nos procedimentos, em vista de uma desacelera\u00e7\u00e3o oriunda do per\u00edodo de pandemia. Com os grupos tendo a possibilidade de se encontrar novamente, espera-se que estruturas mais produtivas sejam estabelecidas novamente. Sobre a quest\u00e3o dos lucros obtidos com a venda de novos nomes de dom\u00ednio em 2012, o grupo de trabalho apresentou suas propostas e essas foram melhor definidas por meio de um processo intermediado pelo Conselho Diretor da ICANN, que apontou a poss\u00edvel necessidade de que o Conselho do GNSO (Organiza\u00e7\u00e3o de Apoio para Nomes Gen\u00e9ricos) inicie um processo de orienta\u00e7\u00e3o do grupo. Isso se faz necess\u00e1rio dada a quantidade de trabalho possivelmente resultante. Esse tema inclusive puxa a quest\u00e3o dos chamados &#8220;nomes fechados&#8221;, um assunto que acabou chamando muita aten\u00e7\u00e3o no processo. Essas extens\u00f5es de dom\u00ednio s\u00e3o aquelas que travam uma palavra gen\u00e9rica na m\u00e3o de um \u00fanico controlador, o que permite certas composi\u00e7\u00f5es de nomes de dom\u00ednio potencialmente enganosas ou confusas de alguma maneira. Por exemplo, o [&hellip;]<\/p>\n","protected":false},"author":2,"featured_media":1994,"comment_status":"closed","ping_status":"open","sticky":false,"template":"","format":"standard","meta":{"footnotes":""},"categories":[51],"tags":[],"class_list":["post-1993","post","type-post","status-publish","format-standard","has-post-thumbnail","hentry","category-icann-74"],"_links":{"self":[{"href":"https:\/\/nivaldocleto.cnt.br\/blog\/wp-json\/wp\/v2\/posts\/1993","targetHints":{"allow":["GET"]}}],"collection":[{"href":"https:\/\/nivaldocleto.cnt.br\/blog\/wp-json\/wp\/v2\/posts"}],"about":[{"href":"https:\/\/nivaldocleto.cnt.br\/blog\/wp-json\/wp\/v2\/types\/post"}],"author":[{"embeddable":true,"href":"https:\/\/nivaldocleto.cnt.br\/blog\/wp-json\/wp\/v2\/users\/2"}],"replies":[{"embeddable":true,"href":"https:\/\/nivaldocleto.cnt.br\/blog\/wp-json\/wp\/v2\/comments?post=1993"}],"version-history":[{"count":5,"href":"https:\/\/nivaldocleto.cnt.br\/blog\/wp-json\/wp\/v2\/posts\/1993\/revisions"}],"predecessor-version":[{"id":1999,"href":"https:\/\/nivaldocleto.cnt.br\/blog\/wp-json\/wp\/v2\/posts\/1993\/revisions\/1999"}],"wp:featuredmedia":[{"embeddable":true,"href":"https:\/\/nivaldocleto.cnt.br\/blog\/wp-json\/wp\/v2\/media\/1994"}],"wp:attachment":[{"href":"https:\/\/nivaldocleto.cnt.br\/blog\/wp-json\/wp\/v2\/media?parent=1993"}],"wp:term":[{"taxonomy":"category","embeddable":true,"href":"https:\/\/nivaldocleto.cnt.br\/blog\/wp-json\/wp\/v2\/categories?post=1993"},{"taxonomy":"post_tag","embeddable":true,"href":"https:\/\/nivaldocleto.cnt.br\/blog\/wp-json\/wp\/v2\/tags?post=1993"}],"curies":[{"name":"wp","href":"https:\/\/api.w.org\/{rel}","templated":true}]}}