{"id":1189,"date":"2019-10-15T12:56:16","date_gmt":"2019-10-15T15:56:16","guid":{"rendered":"http:\/\/nivaldocleto.cnt.br\/blog\/?p=1189"},"modified":"2019-10-15T12:56:50","modified_gmt":"2019-10-15T15:56:50","slug":"receita-autoriza-armazenar-eletronicamente-livros-obrigatorios-de-escrituracao","status":"publish","type":"post","link":"https:\/\/nivaldocleto.cnt.br\/blog\/receita-autoriza-armazenar-eletronicamente-livros-obrigatorios-de-escrituracao\/","title":{"rendered":"Receita autoriza armazenar eletronicamente livros obrigat\u00f3rios de escritura\u00e7\u00e3o"},"content":{"rendered":"<div id=\"fb-root\"><\/div>\n<p><img loading=\"lazy\" decoding=\"async\" class=\" wp-image-1190 aligncenter\" src=\"http:\/\/nivaldocleto.cnt.br\/blog\/wp-content\/uploads\/2019\/10\/o-que-e-a-escrituracao-contabil-digital-e1478522556430.jpeg\" alt=\"\" width=\"560\" height=\"326\" srcset=\"https:\/\/nivaldocleto.cnt.br\/blog\/wp-content\/uploads\/2019\/10\/o-que-e-a-escrituracao-contabil-digital-e1478522556430.jpeg 600w, https:\/\/nivaldocleto.cnt.br\/blog\/wp-content\/uploads\/2019\/10\/o-que-e-a-escrituracao-contabil-digital-e1478522556430-300x175.jpeg 300w\" sizes=\"auto, (max-width: 560px) 100vw, 560px\" \/><\/p>\n<p id=\"resenha\">Documentos originais poder\u00e3o ser destru\u00eddos depois de digitalizados.<\/p>\n<p>Foi publicado no DOU da \u00faltima sexta-feira, 11, ato declarat\u00f3rio da Receita (4\/19) que declara a interpreta\u00e7\u00e3o a ser dada ao par\u00e1grafo \u00fanico do art. 195 do\u00a0<a href=\"http:\/\/www.planalto.gov.br\/ccivil_03\/leis\/L5172Compilado.htm\" target=\"_blank\" rel=\"noopener noreferrer\">C\u00f3digo Tribut\u00e1rio Nacional<\/a>.<\/p>\n<p>O dispositivo prev\u00ea que os livros obrigat\u00f3rios de escritura\u00e7\u00e3o comercial e fiscal e os comprovantes dos lan\u00e7amentos neles efetuados ser\u00e3o conservados at\u00e9 que ocorra a prescri\u00e7\u00e3o dos cr\u00e9ditos tribut\u00e1rios decorrentes das opera\u00e7\u00f5es a que se refiram.<\/p>\n<p>De acordo com o ato da Receita, tais documentos poder\u00e3o ser guardados em meio eletr\u00f4nico, \u00f3ptico ou equivalente. O documento digital e sua reprodu\u00e7\u00e3o ter\u00e3o o mesmo valor probat\u00f3rio do documento original para fins de prova perante a autoridade administrativa em procedimentos de fiscaliza\u00e7\u00e3o.<\/p>\n<p>Al\u00e9m disso, conforme a Receita, os documentos originais poder\u00e3o ser destru\u00eddos depois de digitalizados, ressalvados os de valor hist\u00f3rico.<\/p>\n<p>Veja a \u00edntegra abaixo.<\/p>\n<p>___________<\/p>\n<p style=\"text-align: center;\"><strong>ATO DECLARAT\u00d3RIO INTERPRETATIVO RFB N\u00ba 4, DE 09 DE OUTUBRO DE 2019<\/strong><\/p>\n<p style=\"text-align: center;\">Declara a interpreta\u00e7\u00e3o a ser dada ao par\u00e1grafo \u00fanico do art. 195 do C\u00f3digo Tribut\u00e1rio Nacional.<\/p>\n<p style=\"text-align: center;\">O SUBSECRET\u00c1RIO-GERAL DA RECEITA FEDERAL DO BRASIL, no uso da atribui\u00e7\u00e3o que lhe confere o Anexo I da Portaria RFB n\u00ba 1.098, de 8 de agosto de 2013, tendo em vista o disposto no art. 1\u00ba da Medida Provis\u00f3ria n\u00ba 2.200-2, de 24 de agosto de 2001, no art. 2\u00ba-A da Lei n\u00ba 12.682, de 9 de julho de 2012, nos arts. 147-A, 147-B e 147-C do Decreto n\u00ba 7.574, de 29 de setembro de 2011, e no Parecer SEI n\u00ba 145\/2019\/CAT\/PGACTP\/PGFN-ME, de 2 de agosto de 2019, declara:<\/p>\n<p style=\"text-align: center;\">Art. 1\u00ba Os livros obrigat\u00f3rios de escritura\u00e7\u00e3o comercial e fiscal e os comprovantes de lan\u00e7amentos neles efetuados podem ser armazenados em meio eletr\u00f4nico, \u00f3ptico ou equivalente para fins do disposto no par\u00e1grafo \u00fanico do art. 195 da Lei n\u00ba 5.172, de 25 de outubro de 1966 &#8211; C\u00f3digo Tribut\u00e1rio Nacional (CTN).<\/p>\n<p style=\"text-align: center;\">\u00a7 1\u00ba O documento digital e sua reprodu\u00e7\u00e3o ter\u00e3o o mesmo valor probat\u00f3rio do documento original para fins de prova perante a autoridade administrativa em procedimentos de fiscaliza\u00e7\u00e3o, observados os crit\u00e9rios de integridade e autenticidade estabelecidos pelo art. 2\u00ba-A da Lei n\u00ba 12.682, de 9 de julho de 2012, e pelo art. 1\u00ba da Medida Provis\u00f3ria n\u00ba 2.200-2, de 24 de agosto de 2001.<\/p>\n<p style=\"text-align: center;\">\u00a7 2\u00ba Os documentos originais poder\u00e3o ser destru\u00eddos depois de digitalizados, ressalvados os documentos de valor hist\u00f3rico, cuja preserva\u00e7\u00e3o \u00e9 sujeita a legisla\u00e7\u00e3o espec\u00edfica.<\/p>\n<p style=\"text-align: center;\">\u00a7 3\u00ba Os documentos armazenados em meio eletr\u00f4nico, \u00f3ptico ou equivalente poder\u00e3o ser eliminados depois de transcorrido o prazo de prescri\u00e7\u00e3o dos cr\u00e9ditos tribut\u00e1rios decorrentes das opera\u00e7\u00f5es a que eles se referem.<\/p>\n<p style=\"text-align: center;\">Art. 2\u00ba Fica revogado o Parecer Normativo CST n\u00ba 21, de 30 de maio de 1980, publicado no Di\u00e1rio Oficial da Uni\u00e3o n\u00ba 106, de 9 de junho de 1980.<\/p>\n<p style=\"text-align: center;\">Art. 3\u00ba Publique-se no Di\u00e1rio Oficial da Uni\u00e3o.<\/p>\n<p style=\"text-align: center;\">JOS\u00c9 DE ASSIS FERRAZ NETO<\/p>\n","protected":false},"excerpt":{"rendered":"<p>Documentos originais poder\u00e3o ser destru\u00eddos depois de digitalizados. Foi publicado no DOU da \u00faltima sexta-feira, 11, ato declarat\u00f3rio da Receita (4\/19) que declara a interpreta\u00e7\u00e3o a ser dada ao par\u00e1grafo \u00fanico do art. 195 do\u00a0C\u00f3digo Tribut\u00e1rio Nacional. O dispositivo prev\u00ea que os livros obrigat\u00f3rios de escritura\u00e7\u00e3o comercial e fiscal e os comprovantes dos lan\u00e7amentos neles efetuados ser\u00e3o conservados at\u00e9 que ocorra a prescri\u00e7\u00e3o dos cr\u00e9ditos tribut\u00e1rios decorrentes das opera\u00e7\u00f5es a que se refiram. De acordo com o ato da Receita, tais documentos poder\u00e3o ser guardados em meio eletr\u00f4nico, \u00f3ptico ou equivalente. O documento digital e sua reprodu\u00e7\u00e3o ter\u00e3o o mesmo valor probat\u00f3rio do documento original para fins de prova perante a autoridade administrativa em procedimentos de fiscaliza\u00e7\u00e3o. Al\u00e9m disso, conforme a Receita, os documentos originais poder\u00e3o ser destru\u00eddos depois de digitalizados, ressalvados os de valor hist\u00f3rico. Veja a \u00edntegra abaixo. ___________ ATO DECLARAT\u00d3RIO INTERPRETATIVO RFB N\u00ba 4, DE 09 DE OUTUBRO DE 2019 Declara a interpreta\u00e7\u00e3o a ser dada ao par\u00e1grafo \u00fanico do art. 195 do C\u00f3digo Tribut\u00e1rio Nacional. O SUBSECRET\u00c1RIO-GERAL DA RECEITA FEDERAL DO BRASIL, no uso da atribui\u00e7\u00e3o que lhe confere o Anexo I da Portaria RFB n\u00ba 1.098, de 8 de agosto de 2013, tendo em [&hellip;]<\/p>\n","protected":false},"author":2,"featured_media":0,"comment_status":"open","ping_status":"open","sticky":false,"template":"","format":"standard","meta":{"footnotes":""},"categories":[4],"tags":[],"class_list":["post-1189","post","type-post","status-publish","format-standard","hentry","category-contabilidade"],"_links":{"self":[{"href":"https:\/\/nivaldocleto.cnt.br\/blog\/wp-json\/wp\/v2\/posts\/1189","targetHints":{"allow":["GET"]}}],"collection":[{"href":"https:\/\/nivaldocleto.cnt.br\/blog\/wp-json\/wp\/v2\/posts"}],"about":[{"href":"https:\/\/nivaldocleto.cnt.br\/blog\/wp-json\/wp\/v2\/types\/post"}],"author":[{"embeddable":true,"href":"https:\/\/nivaldocleto.cnt.br\/blog\/wp-json\/wp\/v2\/users\/2"}],"replies":[{"embeddable":true,"href":"https:\/\/nivaldocleto.cnt.br\/blog\/wp-json\/wp\/v2\/comments?post=1189"}],"version-history":[{"count":2,"href":"https:\/\/nivaldocleto.cnt.br\/blog\/wp-json\/wp\/v2\/posts\/1189\/revisions"}],"predecessor-version":[{"id":1192,"href":"https:\/\/nivaldocleto.cnt.br\/blog\/wp-json\/wp\/v2\/posts\/1189\/revisions\/1192"}],"wp:attachment":[{"href":"https:\/\/nivaldocleto.cnt.br\/blog\/wp-json\/wp\/v2\/media?parent=1189"}],"wp:term":[{"taxonomy":"category","embeddable":true,"href":"https:\/\/nivaldocleto.cnt.br\/blog\/wp-json\/wp\/v2\/categories?post=1189"},{"taxonomy":"post_tag","embeddable":true,"href":"https:\/\/nivaldocleto.cnt.br\/blog\/wp-json\/wp\/v2\/tags?post=1189"}],"curies":[{"name":"wp","href":"https:\/\/api.w.org\/{rel}","templated":true}]}}