{"id":1143,"date":"2019-09-11T17:36:22","date_gmt":"2019-09-11T20:36:22","guid":{"rendered":"http:\/\/nivaldocleto.cnt.br\/blog\/?p=1143"},"modified":"2019-09-11T17:37:05","modified_gmt":"2019-09-11T20:37:05","slug":"governo-trabalha-com-novo-esocial-em-producao-no-dia-11-de-novembro","status":"publish","type":"post","link":"https:\/\/nivaldocleto.cnt.br\/blog\/governo-trabalha-com-novo-esocial-em-producao-no-dia-11-de-novembro\/","title":{"rendered":"Governo trabalha com novo eSocial em produ\u00e7\u00e3o no dia 11 de novembro"},"content":{"rendered":"<div id=\"fb-root\"><\/div>\n<p><img loading=\"lazy\" decoding=\"async\" class=\"wp-image-1144 aligncenter\" src=\"http:\/\/nivaldocleto.cnt.br\/blog\/wp-content\/uploads\/2019\/09\/esocial-mudancas.jpg\" alt=\"\" width=\"480\" height=\"333\" \/><\/p>\n<p><strong>O Governo publicou nesta segunda-feira, 09\/09, uma revis\u00e3o da Nota T\u00e9cnica eSocial 15\/2019 que trouxe modifica\u00e7\u00f5es \u00e0 vers\u00e3o 2.5 do leiaute do eSocial.<\/strong><\/p>\n<p>A Nota T\u00e9cnica n\u00ba 15\/2019 tem como objetivo implantar as primeiras medidas de simplifica\u00e7\u00e3o e moderniza\u00e7\u00e3o do eSocial, de acordo com o disposto no art. 9\u00ba da Portaria ME 300, de 13\/06\/2019, conforme abaixo:<\/p>\n<p>\u201cArt. 9\u00ba A Secretaria Especial de Desburocratiza\u00e7\u00e3o, Gest\u00e3o e Governo Digital coordenar\u00e1, em coopera\u00e7\u00e3o com representantes dos \u00f3rg\u00e3os e entidade a que se o art. 2\u00ba desta Portaria, a defini\u00e7\u00e3o de propostas para especifica\u00e7\u00e3o, desenvolvimento e implanta\u00e7\u00e3o do eSocial que considerem a necessidade de sua simplifica\u00e7\u00e3o, a serem apresentadas no prazo de at\u00e9 trinta dias, contado da publica\u00e7\u00e3o desta Portaria.\u201d<\/p>\n<p>A revis\u00e3o, explica o governo, visa a realizar pequenos ajustes na Nota T\u00e9cnica em refer\u00eancia, com a seguinte previs\u00e3o de implanta\u00e7\u00e3o:<\/p>\n<p>Ambiente de produ\u00e7\u00e3o restrita: 08\/10\/2019;<br \/>\nAmbiente de produ\u00e7\u00e3o: 11\/11\/2019.<\/p>\n<p>Juntamente com esta revis\u00e3o est\u00e3o sendo publicados os seguintes documentos e arquivos:<\/p>\n<p>Leiautes do eSocial v2.5 (cons. at\u00e9 NT 15.2019 rev.);<br \/>\nLeiautes do eSocial v2.5 \u2013 Anexo I \u2013 Tabelas (cons. at\u00e9 NT 15.2019 rev.).<br \/>\nLeiautes do eSocial v2.5 \u2013 Anexo II \u2013 Tabela de Regras (cons. at\u00e9 NT 15.2019 rev.)<br \/>\nEsquemas XSD (atualizados).<\/p>\n<p>Acesse a \u00edntegra da nota t\u00e9cnica revisada:\u00a0<a href=\"http:\/\/www.normaslegais.com.br\/legislacao\/esocial-nota-tecnica-15-2019-revisada.pdf\">http:\/\/www.normaslegais.com.br\/legislacao\/esocial-nota-tecnica-15-2019-revisada.pdf<br \/>\n<\/a><br \/>\n*Com informa\u00e7\u00f5es do Minist\u00e9rio da Economia<\/p>\n<div class=\"assinatura\">Ana Paula Lobo* &#8230; 10\/09\/2019 &#8230; Converg\u00eancia Digital<\/div>\n","protected":false},"excerpt":{"rendered":"<p>O Governo publicou nesta segunda-feira, 09\/09, uma revis\u00e3o da Nota T\u00e9cnica eSocial 15\/2019 que trouxe modifica\u00e7\u00f5es \u00e0 vers\u00e3o 2.5 do leiaute do eSocial. A Nota T\u00e9cnica n\u00ba 15\/2019 tem como objetivo implantar as primeiras medidas de simplifica\u00e7\u00e3o e moderniza\u00e7\u00e3o do eSocial, de acordo com o disposto no art. 9\u00ba da Portaria ME 300, de 13\/06\/2019, conforme abaixo: \u201cArt. 9\u00ba A Secretaria Especial de Desburocratiza\u00e7\u00e3o, Gest\u00e3o e Governo Digital coordenar\u00e1, em coopera\u00e7\u00e3o com representantes dos \u00f3rg\u00e3os e entidade a que se o art. 2\u00ba desta Portaria, a defini\u00e7\u00e3o de propostas para especifica\u00e7\u00e3o, desenvolvimento e implanta\u00e7\u00e3o do eSocial que considerem a necessidade de sua simplifica\u00e7\u00e3o, a serem apresentadas no prazo de at\u00e9 trinta dias, contado da publica\u00e7\u00e3o desta Portaria.\u201d A revis\u00e3o, explica o governo, visa a realizar pequenos ajustes na Nota T\u00e9cnica em refer\u00eancia, com a seguinte previs\u00e3o de implanta\u00e7\u00e3o: Ambiente de produ\u00e7\u00e3o restrita: 08\/10\/2019; Ambiente de produ\u00e7\u00e3o: 11\/11\/2019. Juntamente com esta revis\u00e3o est\u00e3o sendo publicados os seguintes documentos e arquivos: Leiautes do eSocial v2.5 (cons. at\u00e9 NT 15.2019 rev.); Leiautes do eSocial v2.5 \u2013 Anexo I \u2013 Tabelas (cons. at\u00e9 NT 15.2019 rev.). Leiautes do eSocial v2.5 \u2013 Anexo II \u2013 Tabela de Regras (cons. at\u00e9 NT 15.2019 rev.) Esquemas [&hellip;]<\/p>\n","protected":false},"author":2,"featured_media":0,"comment_status":"open","ping_status":"open","sticky":false,"template":"","format":"standard","meta":{"footnotes":""},"categories":[4],"tags":[],"class_list":["post-1143","post","type-post","status-publish","format-standard","hentry","category-contabilidade"],"_links":{"self":[{"href":"https:\/\/nivaldocleto.cnt.br\/blog\/wp-json\/wp\/v2\/posts\/1143","targetHints":{"allow":["GET"]}}],"collection":[{"href":"https:\/\/nivaldocleto.cnt.br\/blog\/wp-json\/wp\/v2\/posts"}],"about":[{"href":"https:\/\/nivaldocleto.cnt.br\/blog\/wp-json\/wp\/v2\/types\/post"}],"author":[{"embeddable":true,"href":"https:\/\/nivaldocleto.cnt.br\/blog\/wp-json\/wp\/v2\/users\/2"}],"replies":[{"embeddable":true,"href":"https:\/\/nivaldocleto.cnt.br\/blog\/wp-json\/wp\/v2\/comments?post=1143"}],"version-history":[{"count":2,"href":"https:\/\/nivaldocleto.cnt.br\/blog\/wp-json\/wp\/v2\/posts\/1143\/revisions"}],"predecessor-version":[{"id":1146,"href":"https:\/\/nivaldocleto.cnt.br\/blog\/wp-json\/wp\/v2\/posts\/1143\/revisions\/1146"}],"wp:attachment":[{"href":"https:\/\/nivaldocleto.cnt.br\/blog\/wp-json\/wp\/v2\/media?parent=1143"}],"wp:term":[{"taxonomy":"category","embeddable":true,"href":"https:\/\/nivaldocleto.cnt.br\/blog\/wp-json\/wp\/v2\/categories?post=1143"},{"taxonomy":"post_tag","embeddable":true,"href":"https:\/\/nivaldocleto.cnt.br\/blog\/wp-json\/wp\/v2\/tags?post=1143"}],"curies":[{"name":"wp","href":"https:\/\/api.w.org\/{rel}","templated":true}]}}