{"id":1130,"date":"2019-09-05T18:26:20","date_gmt":"2019-09-05T21:26:20","guid":{"rendered":"http:\/\/nivaldocleto.cnt.br\/blog\/?p=1130"},"modified":"2019-09-05T18:26:36","modified_gmt":"2019-09-05T21:26:36","slug":"lgpd-multa-vai-doer-apenas-no-bolso-de-empresa-brasileira","status":"publish","type":"post","link":"https:\/\/nivaldocleto.cnt.br\/blog\/lgpd-multa-vai-doer-apenas-no-bolso-de-empresa-brasileira\/","title":{"rendered":"LGPD: multa vai doer apenas no bolso de empresa brasileira"},"content":{"rendered":"<div id=\"fb-root\"><\/div>\n<p><iframe loading=\"lazy\" title=\"LGPD: multa vai doer apenas no bolso de empresa brasileira\" width=\"1080\" height=\"608\" src=\"https:\/\/www.youtube.com\/embed\/bGvZV-TP6lM?feature=oembed\" frameborder=\"0\" allow=\"accelerometer; autoplay; clipboard-write; encrypted-media; gyroscope; picture-in-picture\" allowfullscreen><\/iframe><\/p>\n<div class=\"assinatura\">Ana Paula Lobo,de Bras\u00edlia &#8230; 28\/08\/2019 &#8230; <a href=\"https:\/\/www.convergenciadigital.com.br\/cgi\/cgilua.exe\/sys\/start.htm?UserActiveTemplate=site&amp;infoid=51554&amp;sid=4\">Converg\u00eancia Digital<\/a><\/div>\n<p>A vis\u00e3o que est\u00e1 se dando \u00e0 Lei Geral de Prote\u00e7\u00e3o de Dados Pessoais \u00e9 apenas a dos problemas que ela est\u00e1 trazendo ou vai trazer por conta da adequa\u00e7\u00e3o \u00e0s regras e n\u00e3o dos benef\u00edcios que a legisla\u00e7\u00e3o vai agregar ao neg\u00f3cio, observa o advogado e especialista em direito digital, Walter Capanema, que mediou um debate realizado sobre o tema no RNPSeg, evento realizado no F\u00f3rum RNP, no dia 26\/08.<\/p>\n<p>&#8220;O medo \u00e9 a palavra-chave para as empresas quando se fala em adequa\u00e7\u00e3o \u00e0 LGPD e n\u00e3o \u00e9 a melhor maneira. A ideia \u00e9 transformar esses problemas que v\u00e3o surgir por conta dos ajustes exigidos em solu\u00e7\u00f5es de seguran\u00e7a&#8221;, observou Capanema. \u00c0 CDTV, do portal Converg\u00eancia Digital, o advogado disse que a Autoridade Nacional de Dados poderia pensar em uma morat\u00f3ria inicial da aplica\u00e7\u00e3o da multa de 2%, que passa a valer a partir da vig\u00eancia em agosto de 2020.<\/p>\n<p>&#8220;Sabemos que doer no bolso \u00e9 um motivo de adequa\u00e7\u00e3o por parte das empresas. Mas a penalidade pega apenas as empresas nacionais porque ela \u00e9 baseada no faturamento das companhias no Brasil. As multinacionais n\u00e3o t\u00eam faturamento no Brasil e n\u00e3o v\u00e3o sentir no bolso. E para mim, isso gera uma desigualdade&#8221;, observa. Assistam a entrevista com o advogado especializado em direito digital, Walter Capanema.<\/p>\n<p>&nbsp;<\/p>\n","protected":false},"excerpt":{"rendered":"<p>Ana Paula Lobo,de Bras\u00edlia &#8230; 28\/08\/2019 &#8230; Converg\u00eancia Digital A vis\u00e3o que est\u00e1 se dando \u00e0 Lei Geral de Prote\u00e7\u00e3o de Dados Pessoais \u00e9 apenas a dos problemas que ela est\u00e1 trazendo ou vai trazer por conta da adequa\u00e7\u00e3o \u00e0s regras e n\u00e3o dos benef\u00edcios que a legisla\u00e7\u00e3o vai agregar ao neg\u00f3cio, observa o advogado e especialista em direito digital, Walter Capanema, que mediou um debate realizado sobre o tema no RNPSeg, evento realizado no F\u00f3rum RNP, no dia 26\/08. &#8220;O medo \u00e9 a palavra-chave para as empresas quando se fala em adequa\u00e7\u00e3o \u00e0 LGPD e n\u00e3o \u00e9 a melhor maneira. A ideia \u00e9 transformar esses problemas que v\u00e3o surgir por conta dos ajustes exigidos em solu\u00e7\u00f5es de seguran\u00e7a&#8221;, observou Capanema. \u00c0 CDTV, do portal Converg\u00eancia Digital, o advogado disse que a Autoridade Nacional de Dados poderia pensar em uma morat\u00f3ria inicial da aplica\u00e7\u00e3o da multa de 2%, que passa a valer a partir da vig\u00eancia em agosto de 2020. &#8220;Sabemos que doer no bolso \u00e9 um motivo de adequa\u00e7\u00e3o por parte das empresas. Mas a penalidade pega apenas as empresas nacionais porque ela \u00e9 baseada no faturamento das companhias no Brasil. As multinacionais n\u00e3o t\u00eam faturamento no Brasil [&hellip;]<\/p>\n","protected":false},"author":2,"featured_media":0,"comment_status":"open","ping_status":"open","sticky":false,"template":"","format":"standard","meta":{"footnotes":""},"categories":[3],"tags":[],"class_list":["post-1130","post","type-post","status-publish","format-standard","hentry","category-tecnologia"],"_links":{"self":[{"href":"https:\/\/nivaldocleto.cnt.br\/blog\/wp-json\/wp\/v2\/posts\/1130","targetHints":{"allow":["GET"]}}],"collection":[{"href":"https:\/\/nivaldocleto.cnt.br\/blog\/wp-json\/wp\/v2\/posts"}],"about":[{"href":"https:\/\/nivaldocleto.cnt.br\/blog\/wp-json\/wp\/v2\/types\/post"}],"author":[{"embeddable":true,"href":"https:\/\/nivaldocleto.cnt.br\/blog\/wp-json\/wp\/v2\/users\/2"}],"replies":[{"embeddable":true,"href":"https:\/\/nivaldocleto.cnt.br\/blog\/wp-json\/wp\/v2\/comments?post=1130"}],"version-history":[{"count":3,"href":"https:\/\/nivaldocleto.cnt.br\/blog\/wp-json\/wp\/v2\/posts\/1130\/revisions"}],"predecessor-version":[{"id":1133,"href":"https:\/\/nivaldocleto.cnt.br\/blog\/wp-json\/wp\/v2\/posts\/1130\/revisions\/1133"}],"wp:attachment":[{"href":"https:\/\/nivaldocleto.cnt.br\/blog\/wp-json\/wp\/v2\/media?parent=1130"}],"wp:term":[{"taxonomy":"category","embeddable":true,"href":"https:\/\/nivaldocleto.cnt.br\/blog\/wp-json\/wp\/v2\/categories?post=1130"},{"taxonomy":"post_tag","embeddable":true,"href":"https:\/\/nivaldocleto.cnt.br\/blog\/wp-json\/wp\/v2\/tags?post=1130"}],"curies":[{"name":"wp","href":"https:\/\/api.w.org\/{rel}","templated":true}]}}